{"id":35532,"date":"2021-09-26T21:43:01","date_gmt":"2021-09-26T19:43:01","guid":{"rendered":"http:\/\/www.sosw.elblag.com.pl\/?p=35532"},"modified":"2021-09-26T21:43:37","modified_gmt":"2021-09-26T19:43:37","slug":"tytani-mocniejsi","status":"publish","type":"post","link":"https:\/\/www.sosw.elblag.com.pl\/index.php\/2021\/09\/26\/tytani-mocniejsi\/","title":{"rendered":"TYTANI MOCNIEJSI"},"content":{"rendered":"<p>Sobotni wiecz\u00f3r (25.09.2021) nie by\u0142 szcz\u0119\u015bliwy dla nas i naszych ulubie\u0144c\u00f3w z dru\u017cyny KPR Elbl\u0105g. Mimo ambitnej postawy naszego m\u0142odego zespo\u0142u i wsparcia 9 garde\u0142 kibic\u00f3w \u201eInvictusa\u201d, do\u015bwiadczony zesp\u00f3\u0142 z Wejherowa wywi\u00f3z\u0142 z Elbl\u0105ga 3 punkty wygrywaj\u0105c ostatecznie 28:20 (14:9). C\u00f3\u017c, pora\u017cka, tak samo jak sukces, wpisana jest w \u017cycie ka\u017cdego cz\u0142owieka\u2026<\/p>\n<p>Tu\u017c przed pierwszym gwizdkiem mieli\u015bmy okazj\u0119 porozmawia\u0107 z trenerem Damianem Malandy oraz kierownikiem dru\u017cyny Piotrem Sadowskim. Obu panom sprawili\u015bmy niema\u0142\u0105 rado\u015b\u0107 obdarowuj\u0105c ich kubkami z logo naszego klubu kibica.<\/p>\n<p>Podczas spotkania wspiera\u0142a nas absolwentka naszej szko\u0142y \u2013 Joanna wraz z m\u0119\u017cem Dominikiem, co by\u0142o dla nas mi\u0142\u0105 niespodziank\u0105.<\/p>\n<p>Kolejne spotkanie KPR Elbl\u0105g rozegra w Koszalinie z miejscow\u0105 Gwardi\u0105. B\u0119dziemy dopingowa\u0107 naszych zawodnik\u00f3w \u015bledz\u0105c transmisj\u0119 meczu online.<\/p>\n<p>UKK \u201eInvictus\u201d<\/p>\n\n\t\t<style type=\"text\/css\">\n\t\t\t#gallery-1 {\n\t\t\t\tmargin: auto;\n\t\t\t}\n\t\t\t#gallery-1 .gallery-item {\n\t\t\t\tfloat: left;\n\t\t\t\tmargin-top: 10px;\n\t\t\t\ttext-align: center;\n\t\t\t\twidth: 50%;\n\t\t\t}\n\t\t\t#gallery-1 img {\n\t\t\t\tborder: 2px solid #cfcfcf;\n\t\t\t}\n\t\t\t#gallery-1 .gallery-caption {\n\t\t\t\tmargin-left: 0;\n\t\t\t}\n\t\t\t\/* see gallery_shortcode() in wp-includes\/media.php *\/\n\t\t<\/style>\n\t\t<div id='gallery-1' class='gallery galleryid-35532 gallery-columns-2 gallery-size-thumbnail'><dl class='gallery-item'>\n\t\t\t<dt class='gallery-icon landscape'>\n\t\t\t\t<a title=\"Invictus_26.07.2021_1\" href='https:\/\/www.sosw.elblag.com.pl\/wp-content\/uploads\/2021\/09\/Invictus_26.07.2021_1.jpg'><img loading=\"lazy\" decoding=\"async\" width=\"200\" height=\"200\" src=\"https:\/\/www.sosw.elblag.com.pl\/wp-content\/uploads\/2021\/09\/Invictus_26.07.2021_1-200x200.jpg\" class=\"attachment-thumbnail size-thumbnail\" alt=\"TYTANI MOCNIEJSI\" \/><\/a>\n\t\t\t<\/dt><\/dl><dl class='gallery-item'>\n\t\t\t<dt class='gallery-icon landscape'>\n\t\t\t\t<a title=\"Invictus_26.07.2021_2\" href='https:\/\/www.sosw.elblag.com.pl\/wp-content\/uploads\/2021\/09\/Invictus_26.07.2021_2.jpg'><img loading=\"lazy\" decoding=\"async\" width=\"200\" height=\"200\" src=\"https:\/\/www.sosw.elblag.com.pl\/wp-content\/uploads\/2021\/09\/Invictus_26.07.2021_2-200x200.jpg\" class=\"attachment-thumbnail size-thumbnail\" alt=\"TYTANI MOCNIEJSI\" \/><\/a>\n\t\t\t<\/dt><\/dl><br style=\"clear: both\" \/><dl class='gallery-item'>\n\t\t\t<dt class='gallery-icon portrait'>\n\t\t\t\t<a title=\"Invictus_26.07.2021_3\" href='https:\/\/www.sosw.elblag.com.pl\/wp-content\/uploads\/2021\/09\/Invictus_26.07.2021_3.jpg'><img loading=\"lazy\" decoding=\"async\" width=\"200\" height=\"200\" src=\"https:\/\/www.sosw.elblag.com.pl\/wp-content\/uploads\/2021\/09\/Invictus_26.07.2021_3-200x200.jpg\" class=\"attachment-thumbnail size-thumbnail\" alt=\"TYTANI MOCNIEJSI\" \/><\/a>\n\t\t\t<\/dt><\/dl><dl class='gallery-item'>\n\t\t\t<dt class='gallery-icon portrait'>\n\t\t\t\t<a title=\"Invictus_26.07.2021_4\" href='https:\/\/www.sosw.elblag.com.pl\/wp-content\/uploads\/2021\/09\/Invictus_26.07.2021_4.jpg'><img loading=\"lazy\" decoding=\"async\" width=\"200\" height=\"200\" src=\"https:\/\/www.sosw.elblag.com.pl\/wp-content\/uploads\/2021\/09\/Invictus_26.07.2021_4-200x200.jpg\" class=\"attachment-thumbnail size-thumbnail\" alt=\"TYTANI MOCNIEJSI\" \/><\/a>\n\t\t\t<\/dt><\/dl><br style=\"clear: both\" \/><dl class='gallery-item'>\n\t\t\t<dt class='gallery-icon portrait'>\n\t\t\t\t<a title=\"Invictus_26.07.2021_5\" href='https:\/\/www.sosw.elblag.com.pl\/wp-content\/uploads\/2021\/09\/Invictus_26.07.2021_5.jpg'><img loading=\"lazy\" decoding=\"async\" width=\"200\" height=\"200\" src=\"https:\/\/www.sosw.elblag.com.pl\/wp-content\/uploads\/2021\/09\/Invictus_26.07.2021_5-200x200.jpg\" class=\"attachment-thumbnail size-thumbnail\" alt=\"TYTANI MOCNIEJSI\" \/><\/a>\n\t\t\t<\/dt><\/dl><dl class='gallery-item'>\n\t\t\t<dt class='gallery-icon portrait'>\n\t\t\t\t<a title=\"Invictus_26.07.2021_6\" href='https:\/\/www.sosw.elblag.com.pl\/wp-content\/uploads\/2021\/09\/Invictus_26.07.2021_6.jpg'><img loading=\"lazy\" decoding=\"async\" width=\"200\" height=\"200\" src=\"https:\/\/www.sosw.elblag.com.pl\/wp-content\/uploads\/2021\/09\/Invictus_26.07.2021_6-200x200.jpg\" class=\"attachment-thumbnail size-thumbnail\" alt=\"TYTANI MOCNIEJSI\" \/><\/a>\n\t\t\t<\/dt><\/dl><br style=\"clear: both\" \/><dl class='gallery-item'>\n\t\t\t<dt class='gallery-icon portrait'>\n\t\t\t\t<a title=\"Invictus_26.07.2021_7\" href='https:\/\/www.sosw.elblag.com.pl\/wp-content\/uploads\/2021\/09\/Invictus_26.07.2021_7.jpg'><img loading=\"lazy\" decoding=\"async\" width=\"200\" height=\"200\" src=\"https:\/\/www.sosw.elblag.com.pl\/wp-content\/uploads\/2021\/09\/Invictus_26.07.2021_7-200x200.jpg\" class=\"attachment-thumbnail size-thumbnail\" alt=\"TYTANI MOCNIEJSI\" \/><\/a>\n\t\t\t<\/dt><\/dl>\n\t\t\t<br style='clear: both' \/>\n\t\t<\/div>\n\n","protected":false},"excerpt":{"rendered":"<p>Sobotni wiecz\u00f3r (25.09.2021) nie by\u0142 szcz\u0119\u015bliwy dla nas i naszych ulubie\u0144c\u00f3w z dru\u017cyny KPR Elbl\u0105g. Mimo ambitnej postawy naszego m\u0142odego zespo\u0142u i <a class=\"more-link\" href=\"https:\/\/www.sosw.elblag.com.pl\/index.php\/2021\/09\/26\/tytani-mocniejsi\/\">Czytaj dalej&#8230;<\/a><\/p>\n","protected":false},"author":1,"featured_media":35534,"comment_status":"closed","ping_status":"closed","sticky":false,"template":"","format":"standard","meta":{"footnotes":""},"categories":[55,54],"tags":[],"class_list":["post-35532","post","type-post","status-publish","format-standard","has-post-thumbnail","hentry","category-invictus","category-z-zycia-osrodka-2021-2022"],"_links":{"self":[{"href":"https:\/\/www.sosw.elblag.com.pl\/index.php\/wp-json\/wp\/v2\/posts\/35532","targetHints":{"allow":["GET"]}}],"collection":[{"href":"https:\/\/www.sosw.elblag.com.pl\/index.php\/wp-json\/wp\/v2\/posts"}],"about":[{"href":"https:\/\/www.sosw.elblag.com.pl\/index.php\/wp-json\/wp\/v2\/types\/post"}],"author":[{"embeddable":true,"href":"https:\/\/www.sosw.elblag.com.pl\/index.php\/wp-json\/wp\/v2\/users\/1"}],"replies":[{"embeddable":true,"href":"https:\/\/www.sosw.elblag.com.pl\/index.php\/wp-json\/wp\/v2\/comments?post=35532"}],"version-history":[{"count":2,"href":"https:\/\/www.sosw.elblag.com.pl\/index.php\/wp-json\/wp\/v2\/posts\/35532\/revisions"}],"predecessor-version":[{"id":35541,"href":"https:\/\/www.sosw.elblag.com.pl\/index.php\/wp-json\/wp\/v2\/posts\/35532\/revisions\/35541"}],"wp:featuredmedia":[{"embeddable":true,"href":"https:\/\/www.sosw.elblag.com.pl\/index.php\/wp-json\/wp\/v2\/media\/35534"}],"wp:attachment":[{"href":"https:\/\/www.sosw.elblag.com.pl\/index.php\/wp-json\/wp\/v2\/media?parent=35532"}],"wp:term":[{"taxonomy":"category","embeddable":true,"href":"https:\/\/www.sosw.elblag.com.pl\/index.php\/wp-json\/wp\/v2\/categories?post=35532"},{"taxonomy":"post_tag","embeddable":true,"href":"https:\/\/www.sosw.elblag.com.pl\/index.php\/wp-json\/wp\/v2\/tags?post=35532"}],"curies":[{"name":"wp","href":"https:\/\/api.w.org\/{rel}","templated":true}]}}