{"id":35528,"date":"2021-09-24T12:21:46","date_gmt":"2021-09-24T10:21:46","guid":{"rendered":"http:\/\/www.sosw.elblag.com.pl\/?p=35528"},"modified":"2021-09-24T12:21:46","modified_gmt":"2021-09-24T10:21:46","slug":"realizacja-programu-wychowanie-przez-czytanie","status":"publish","type":"post","link":"https:\/\/www.sosw.elblag.com.pl\/index.php\/2021\/09\/24\/realizacja-programu-wychowanie-przez-czytanie\/","title":{"rendered":"Realizacja programu &#8222;Wychowanie przez czytanie&#8221;"},"content":{"rendered":"<p style=\"font-weight: 400;\">W Specjalnym O\u015brodku Szkolno-Wychowawczym nr 1 po raz kolejny realizowany jest Program WYCHOWANIE PRZEZ CZYTANIE (WpC) Fundacji &#8222;ABCXXI Ca\u0142a Polska Czyta Dzieciom&#8221;. Celem programu jest wspieranie rozwoju moralnego m\u0142odzie\u017cy oraz promocja czytelnictwa i warto\u015bciowej literatury.<\/p>\n<p style=\"font-weight: 400;\">Uczniowie klas IVa, IV b, VIIb SP L na zaj\u0119ciach z wychowawc\u0105 oraz lekcjach j\u0119zyka polskiego zapoznaj\u0105 si\u0119 z uniwersalnymi warto\u015bciami moralnymi poprzez lektur\u0119 opowiada\u0144 uznanych polskich autor\u00f3w ze zbioru \u201eGorzka czekolada\u201d.<\/p>\n<p style=\"font-weight: 400;\">Nast\u0119pnie, na zaj\u0119ciach dotycz\u0105cych poszczeg\u00f3lnych warto\u015bci, takich jak: szacunek, uczciwo\u015b\u0107, odpowiedzialno\u015b\u0107, przyja\u017a\u0144 omawiaj\u0105 istot\u0119 warto\u015bci oraz skutki ich stosowania b\u0105d\u017a zaniechania w\u00a0\u017cyciu.<\/p>\n<p style=\"font-weight: 400;\">Ostatnim etapem Programu WpC b\u0119dzie \u00a0stworzenie przez uczni\u00f3w kr\u00f3tkich prezentacji multimedialnych na temat wybranej przez siebie warto\u015bci moralnej.<\/p>\n<p style=\"font-weight: 400;\">\n<p style=\"font-weight: 400;\">Magdalena Janiak,<\/p>\n<p style=\"font-weight: 400;\">Edyta Pardo,<\/p>\n<p style=\"font-weight: 400;\">Ewelina Deja,<\/p>\n<p style=\"font-weight: 400;\">Anna Wojtczak<\/p>\n<a href=\"https:\/\/www.sosw.elblag.com.pl\/wp-content\/uploads\/2021\/09\/wpc-2021-plakat-A2-2.pdf\" class=\"pdfemb-viewer\" style=\"\" data-width=\"max\" data-height=\"max\" data-toolbar=\"bottom\" data-toolbar-fixed=\"off\">wpc 2021 plakat A2-2<\/a>\n","protected":false},"excerpt":{"rendered":"<p>W Specjalnym O\u015brodku Szkolno-Wychowawczym nr 1 po raz kolejny realizowany jest Program WYCHOWANIE PRZEZ CZYTANIE (WpC) Fundacji &#8222;ABCXXI Ca\u0142a Polska Czyta Dzieciom&#8221;. <a class=\"more-link\" href=\"https:\/\/www.sosw.elblag.com.pl\/index.php\/2021\/09\/24\/realizacja-programu-wychowanie-przez-czytanie\/\">Czytaj dalej&#8230;<\/a><\/p>\n","protected":false},"author":1,"featured_media":12342,"comment_status":"closed","ping_status":"closed","sticky":false,"template":"","format":"standard","meta":{"footnotes":""},"categories":[10,54],"tags":[],"class_list":["post-35528","post","type-post","status-publish","format-standard","has-post-thumbnail","hentry","category-dzialania-biblioteki","category-z-zycia-osrodka-2021-2022"],"_links":{"self":[{"href":"https:\/\/www.sosw.elblag.com.pl\/index.php\/wp-json\/wp\/v2\/posts\/35528","targetHints":{"allow":["GET"]}}],"collection":[{"href":"https:\/\/www.sosw.elblag.com.pl\/index.php\/wp-json\/wp\/v2\/posts"}],"about":[{"href":"https:\/\/www.sosw.elblag.com.pl\/index.php\/wp-json\/wp\/v2\/types\/post"}],"author":[{"embeddable":true,"href":"https:\/\/www.sosw.elblag.com.pl\/index.php\/wp-json\/wp\/v2\/users\/1"}],"replies":[{"embeddable":true,"href":"https:\/\/www.sosw.elblag.com.pl\/index.php\/wp-json\/wp\/v2\/comments?post=35528"}],"version-history":[{"count":1,"href":"https:\/\/www.sosw.elblag.com.pl\/index.php\/wp-json\/wp\/v2\/posts\/35528\/revisions"}],"predecessor-version":[{"id":35530,"href":"https:\/\/www.sosw.elblag.com.pl\/index.php\/wp-json\/wp\/v2\/posts\/35528\/revisions\/35530"}],"wp:featuredmedia":[{"embeddable":true,"href":"https:\/\/www.sosw.elblag.com.pl\/index.php\/wp-json\/wp\/v2\/media\/12342"}],"wp:attachment":[{"href":"https:\/\/www.sosw.elblag.com.pl\/index.php\/wp-json\/wp\/v2\/media?parent=35528"}],"wp:term":[{"taxonomy":"category","embeddable":true,"href":"https:\/\/www.sosw.elblag.com.pl\/index.php\/wp-json\/wp\/v2\/categories?post=35528"},{"taxonomy":"post_tag","embeddable":true,"href":"https:\/\/www.sosw.elblag.com.pl\/index.php\/wp-json\/wp\/v2\/tags?post=35528"}],"curies":[{"name":"wp","href":"https:\/\/api.w.org\/{rel}","templated":true}]}}