{"id":3363,"date":"2016-04-26T07:32:10","date_gmt":"2016-04-26T05:32:10","guid":{"rendered":"http:\/\/www.sosw.elblag.com.pl\/?p=3363"},"modified":"2016-06-16T10:04:45","modified_gmt":"2016-06-16T08:04:45","slug":"zajecia-w-kwiaciarni","status":"publish","type":"post","link":"https:\/\/www.sosw.elblag.com.pl\/index.php\/2016\/04\/26\/zajecia-w-kwiaciarni\/","title":{"rendered":"Zaj\u0119cia w kwiaciarni"},"content":{"rendered":"<p style=\"text-align: justify;\">W dniu dzisiejszym uczniowie zespo\u0142\u00f3w edukacyjno \u2013 terapeutycznych (IV a, V a, VI b) uczestniczyli w zaj\u0119ciach prowadzonych przez florystyk\u0119, pani\u0105 Ani\u0119 Michalczuk z Pracowni Florystycznej Magnolia. Pani Ania zaprezentowa\u0142a uczniom wiele gatunk\u00f3w ro\u015blin. By\u0142y to zar\u00f3wno kwiaty ozdobne, kt\u00f3rymi upi\u0119kszamy swoje mieszkania, \u00a0balkony i ogrody, jak i zio\u0142a, niezb\u0119dne w ka\u017cdej kuchni.\u00a0 Za aktywny udzia\u0142 w zaj\u0119ciach, uczniowie otrzymali od pani Ani pami\u0105tkowe motylki &#8211; ,,na szcz\u0119\u015bcie\u201d.<\/p>\n<p>E. \u0141ukaszewska, K. Pietrzy\u0144ska, A. W\u00f3jtowicz<\/p>\n\n\t\t<style type=\"text\/css\">\n\t\t\t#gallery-1 {\n\t\t\t\tmargin: auto;\n\t\t\t}\n\t\t\t#gallery-1 .gallery-item {\n\t\t\t\tfloat: left;\n\t\t\t\tmargin-top: 10px;\n\t\t\t\ttext-align: center;\n\t\t\t\twidth: 50%;\n\t\t\t}\n\t\t\t#gallery-1 img {\n\t\t\t\tborder: 2px solid #cfcfcf;\n\t\t\t}\n\t\t\t#gallery-1 .gallery-caption {\n\t\t\t\tmargin-left: 0;\n\t\t\t}\n\t\t\t\/* see gallery_shortcode() in wp-includes\/media.php *\/\n\t\t<\/style>\n\t\t<div id='gallery-1' class='gallery galleryid-3363 gallery-columns-2 gallery-size-thumbnail'><dl class='gallery-item'>\n\t\t\t<dt class='gallery-icon landscape'>\n\t\t\t\t<a title=\"zajecia w kwiaciarni 1\" href='https:\/\/www.sosw.elblag.com.pl\/wp-content\/uploads\/2016\/04\/zajecia-w-kwiaciarni-1.jpg'><img loading=\"lazy\" decoding=\"async\" width=\"200\" height=\"200\" src=\"https:\/\/www.sosw.elblag.com.pl\/wp-content\/uploads\/2016\/04\/zajecia-w-kwiaciarni-1-200x200.jpg\" class=\"attachment-thumbnail size-thumbnail\" alt=\"\" \/><\/a>\n\t\t\t<\/dt><\/dl><dl class='gallery-item'>\n\t\t\t<dt class='gallery-icon landscape'>\n\t\t\t\t<a title=\"zajecia w kwiaciarni 7\" href='https:\/\/www.sosw.elblag.com.pl\/wp-content\/uploads\/2016\/04\/zajecia-w-kwiaciarni-7.jpg'><img loading=\"lazy\" decoding=\"async\" width=\"200\" height=\"200\" src=\"https:\/\/www.sosw.elblag.com.pl\/wp-content\/uploads\/2016\/04\/zajecia-w-kwiaciarni-7-200x200.jpg\" class=\"attachment-thumbnail size-thumbnail\" alt=\"\" \/><\/a>\n\t\t\t<\/dt><\/dl><br style=\"clear: both\" \/><dl class='gallery-item'>\n\t\t\t<dt class='gallery-icon landscape'>\n\t\t\t\t<a title=\"zaj\u0119cia w kwiaciarni 3\" href='https:\/\/www.sosw.elblag.com.pl\/wp-content\/uploads\/2016\/04\/zaj\u0119cia-w-kwiaciarni-3.jpg'><img loading=\"lazy\" decoding=\"async\" width=\"200\" height=\"200\" src=\"https:\/\/www.sosw.elblag.com.pl\/wp-content\/uploads\/2016\/04\/zaj\u0119cia-w-kwiaciarni-3-200x200.jpg\" class=\"attachment-thumbnail size-thumbnail\" alt=\"\" \/><\/a>\n\t\t\t<\/dt><\/dl><dl class='gallery-item'>\n\t\t\t<dt class='gallery-icon landscape'>\n\t\t\t\t<a title=\"zaj\u0119cia w kwiaciarni 4\" href='https:\/\/www.sosw.elblag.com.pl\/wp-content\/uploads\/2016\/04\/zaj\u0119cia-w-kwiaciarni-4.jpg'><img loading=\"lazy\" decoding=\"async\" width=\"200\" height=\"200\" src=\"https:\/\/www.sosw.elblag.com.pl\/wp-content\/uploads\/2016\/04\/zaj\u0119cia-w-kwiaciarni-4-200x200.jpg\" class=\"attachment-thumbnail size-thumbnail\" alt=\"\" \/><\/a>\n\t\t\t<\/dt><\/dl><br style=\"clear: both\" \/><dl class='gallery-item'>\n\t\t\t<dt class='gallery-icon landscape'>\n\t\t\t\t<a title=\"zaj\u0119cia w kwiaciarni 5\" href='https:\/\/www.sosw.elblag.com.pl\/wp-content\/uploads\/2016\/04\/zaj\u0119cia-w-kwiaciarni-5.jpg'><img loading=\"lazy\" decoding=\"async\" width=\"200\" height=\"200\" src=\"https:\/\/www.sosw.elblag.com.pl\/wp-content\/uploads\/2016\/04\/zaj\u0119cia-w-kwiaciarni-5-200x200.jpg\" class=\"attachment-thumbnail size-thumbnail\" alt=\"\" \/><\/a>\n\t\t\t<\/dt><\/dl><dl class='gallery-item'>\n\t\t\t<dt class='gallery-icon landscape'>\n\t\t\t\t<a title=\"zaj\u0119cia w kwiaciarni 6\" href='https:\/\/www.sosw.elblag.com.pl\/wp-content\/uploads\/2016\/04\/zaj\u0119cia-w-kwiaciarni-6.jpg'><img loading=\"lazy\" decoding=\"async\" width=\"200\" height=\"200\" src=\"https:\/\/www.sosw.elblag.com.pl\/wp-content\/uploads\/2016\/04\/zaj\u0119cia-w-kwiaciarni-6-200x200.jpg\" class=\"attachment-thumbnail size-thumbnail\" alt=\"\" \/><\/a>\n\t\t\t<\/dt><\/dl><br style=\"clear: both\" \/><dl class='gallery-item'>\n\t\t\t<dt class='gallery-icon landscape'>\n\t\t\t\t<a title=\"zaj\u0119cia w kwiaciarni2\" href='https:\/\/www.sosw.elblag.com.pl\/wp-content\/uploads\/2016\/04\/zaj\u0119cia-w-kwiaciarni2.jpg'><img loading=\"lazy\" decoding=\"async\" width=\"200\" height=\"200\" src=\"https:\/\/www.sosw.elblag.com.pl\/wp-content\/uploads\/2016\/04\/zaj\u0119cia-w-kwiaciarni2-200x200.jpg\" class=\"attachment-thumbnail size-thumbnail\" alt=\"\" \/><\/a>\n\t\t\t<\/dt><\/dl>\n\t\t\t<br style='clear: both' \/>\n\t\t<\/div>\n\n","protected":false},"excerpt":{"rendered":"<p>W dniu dzisiejszym uczniowie zespo\u0142\u00f3w edukacyjno \u2013 terapeutycznych (IV a, V a, VI b) uczestniczyli w zaj\u0119ciach prowadzonych przez florystyk\u0119, pani\u0105 Ani\u0119 <a class=\"more-link\" href=\"https:\/\/www.sosw.elblag.com.pl\/index.php\/2016\/04\/26\/zajecia-w-kwiaciarni\/\">Czytaj dalej&#8230;<\/a><\/p>\n","protected":false},"author":1,"featured_media":3366,"comment_status":"closed","ping_status":"closed","sticky":false,"template":"","format":"standard","meta":{"footnotes":""},"categories":[14,3],"tags":[],"class_list":["post-3363","post","type-post","status-publish","format-standard","has-post-thumbnail","hentry","category-projekt-ekologiczny-04-2016","category-z-zycia-osrodka"],"_links":{"self":[{"href":"https:\/\/www.sosw.elblag.com.pl\/index.php\/wp-json\/wp\/v2\/posts\/3363","targetHints":{"allow":["GET"]}}],"collection":[{"href":"https:\/\/www.sosw.elblag.com.pl\/index.php\/wp-json\/wp\/v2\/posts"}],"about":[{"href":"https:\/\/www.sosw.elblag.com.pl\/index.php\/wp-json\/wp\/v2\/types\/post"}],"author":[{"embeddable":true,"href":"https:\/\/www.sosw.elblag.com.pl\/index.php\/wp-json\/wp\/v2\/users\/1"}],"replies":[{"embeddable":true,"href":"https:\/\/www.sosw.elblag.com.pl\/index.php\/wp-json\/wp\/v2\/comments?post=3363"}],"version-history":[{"count":2,"href":"https:\/\/www.sosw.elblag.com.pl\/index.php\/wp-json\/wp\/v2\/posts\/3363\/revisions"}],"predecessor-version":[{"id":3979,"href":"https:\/\/www.sosw.elblag.com.pl\/index.php\/wp-json\/wp\/v2\/posts\/3363\/revisions\/3979"}],"wp:featuredmedia":[{"embeddable":true,"href":"https:\/\/www.sosw.elblag.com.pl\/index.php\/wp-json\/wp\/v2\/media\/3366"}],"wp:attachment":[{"href":"https:\/\/www.sosw.elblag.com.pl\/index.php\/wp-json\/wp\/v2\/media?parent=3363"}],"wp:term":[{"taxonomy":"category","embeddable":true,"href":"https:\/\/www.sosw.elblag.com.pl\/index.php\/wp-json\/wp\/v2\/categories?post=3363"},{"taxonomy":"post_tag","embeddable":true,"href":"https:\/\/www.sosw.elblag.com.pl\/index.php\/wp-json\/wp\/v2\/tags?post=3363"}],"curies":[{"name":"wp","href":"https:\/\/api.w.org\/{rel}","templated":true}]}}