{"id":20784,"date":"2020-10-23T10:02:32","date_gmt":"2020-10-23T08:02:32","guid":{"rendered":"http:\/\/www.sosw.elblag.com.pl\/?p=20784"},"modified":"2020-10-23T10:04:00","modified_gmt":"2020-10-23T08:04:00","slug":"wazna-informacja-5","status":"publish","type":"post","link":"https:\/\/www.sosw.elblag.com.pl\/index.php\/2020\/10\/23\/wazna-informacja-5\/","title":{"rendered":"Wa\u017cna informacja"},"content":{"rendered":"<div class=\"gmail_default\">\n<p><strong>\u201ePo godzinie 11 rz\u0105d przedstawi nowe zasady bezpiecze\u0144stwa i obostrzenia zwi\u0105zane z pandemi\u0105 COVID-19. Premier Mateusz Morawiecki w \u015brod\u0119 poinformowa\u0142, \u017ce b\u0119dzie rekomendowa\u0142 Rz\u0105dowemu Zespo\u0142owi Zarz\u0105dzania Kryzysowego, by od przysz\u0142ego tygodnia nauczanie w wy\u017cszych klasach szk\u00f3\u0142 podstawowych odbywa\u0142o si\u0119 zdalnie lub w spos\u00f3b hybrydowy. Ponadto z uwagi na du\u017c\u0105 liczb\u0119 powiat\u00f3w czerwonych b\u0119dzie tak\u017ce rekomendowa\u0142, by ca\u0142a Polska od soboty by\u0142a stref\u0105 czerwon\u0105\u201d.\u00a0<\/strong><\/p>\n<p>&nbsp;<\/p>\n<p>W zwi\u0105zku z powy\u017csz\u0105 informacj\u0105 ustalenia, dotycz\u0105ce organizacji pracy plac\u00f3wki od przysz\u0142ego tygodnia podam po tym terminie. Nadal oczekuj\u0119 na opini\u0119 Sanepidu, na podstawie kt\u00f3rej b\u0119d\u0119 wnioskowa\u0142 do Organu Prowadz\u0105cego o okre\u015blony rodzaj nauczania.<\/p>\n<p>&nbsp;<\/p>\n<p><strong><em><span style=\"font-style: inherit; font-weight: inherit;\">Dyrektor Leszek Iwa\u0144czuk<\/span><\/em><\/strong><\/p>\n<\/div>\n<div>\n<div dir=\"ltr\" data-smartmail=\"gmail_signature\">\n<div dir=\"ltr\">\n<div>\n<div dir=\"ltr\">\n<div>\n<div dir=\"ltr\">\n<div dir=\"ltr\">\n<div dir=\"ltr\">\n<hr \/>\n<\/div>\n<\/div>\n<\/div>\n<\/div>\n<\/div>\n<\/div>\n<\/div>\n<\/div>\n<\/div>\n","protected":false},"excerpt":{"rendered":"<p>\u201ePo godzinie 11 rz\u0105d przedstawi nowe zasady bezpiecze\u0144stwa i obostrzenia zwi\u0105zane z pandemi\u0105 COVID-19. Premier Mateusz Morawiecki w \u015brod\u0119 poinformowa\u0142, \u017ce b\u0119dzie <a class=\"more-link\" href=\"https:\/\/www.sosw.elblag.com.pl\/index.php\/2020\/10\/23\/wazna-informacja-5\/\">Czytaj dalej&#8230;<\/a><\/p>\n","protected":false},"author":1,"featured_media":18598,"comment_status":"closed","ping_status":"closed","sticky":false,"template":"","format":"standard","meta":{"footnotes":""},"categories":[49],"tags":[],"class_list":["post-20784","post","type-post","status-publish","format-standard","has-post-thumbnail","hentry","category-z-zycia-osrodka-2020-2021"],"_links":{"self":[{"href":"https:\/\/www.sosw.elblag.com.pl\/index.php\/wp-json\/wp\/v2\/posts\/20784","targetHints":{"allow":["GET"]}}],"collection":[{"href":"https:\/\/www.sosw.elblag.com.pl\/index.php\/wp-json\/wp\/v2\/posts"}],"about":[{"href":"https:\/\/www.sosw.elblag.com.pl\/index.php\/wp-json\/wp\/v2\/types\/post"}],"author":[{"embeddable":true,"href":"https:\/\/www.sosw.elblag.com.pl\/index.php\/wp-json\/wp\/v2\/users\/1"}],"replies":[{"embeddable":true,"href":"https:\/\/www.sosw.elblag.com.pl\/index.php\/wp-json\/wp\/v2\/comments?post=20784"}],"version-history":[{"count":3,"href":"https:\/\/www.sosw.elblag.com.pl\/index.php\/wp-json\/wp\/v2\/posts\/20784\/revisions"}],"predecessor-version":[{"id":20787,"href":"https:\/\/www.sosw.elblag.com.pl\/index.php\/wp-json\/wp\/v2\/posts\/20784\/revisions\/20787"}],"wp:featuredmedia":[{"embeddable":true,"href":"https:\/\/www.sosw.elblag.com.pl\/index.php\/wp-json\/wp\/v2\/media\/18598"}],"wp:attachment":[{"href":"https:\/\/www.sosw.elblag.com.pl\/index.php\/wp-json\/wp\/v2\/media?parent=20784"}],"wp:term":[{"taxonomy":"category","embeddable":true,"href":"https:\/\/www.sosw.elblag.com.pl\/index.php\/wp-json\/wp\/v2\/categories?post=20784"},{"taxonomy":"post_tag","embeddable":true,"href":"https:\/\/www.sosw.elblag.com.pl\/index.php\/wp-json\/wp\/v2\/tags?post=20784"}],"curies":[{"name":"wp","href":"https:\/\/api.w.org\/{rel}","templated":true}]}}