{"id":1678,"date":"2015-11-04T22:10:16","date_gmt":"2015-11-04T21:10:16","guid":{"rendered":"http:\/\/www.sosw.elblag.com.pl\/?p=1678"},"modified":"2015-11-04T22:12:38","modified_gmt":"2015-11-04T21:12:38","slug":"certyfikat-szkola-promujac-bezpieczenstwo","status":"publish","type":"post","link":"https:\/\/www.sosw.elblag.com.pl\/index.php\/2015\/11\/04\/certyfikat-szkola-promujac-bezpieczenstwo\/","title":{"rendered":"Certyfikat &#8222;Szko\u0142a promuj\u0105c bezpiecze\u0144stwo&#8221;"},"content":{"rendered":"<p style=\"text-align: justify;\">Wczoraj w Olsztynie Warmi\u0144sko &#8211; Mazurski Korator O\u015bwiaty uhonorowa\u0142 nas wyj\u0105tkowym certyfikatem &#8222;Szko\u0142a promuj\u0105ca bezpiecze\u0144stwo&#8221;. To pi\u0119kne podsumowanie wielu dzia\u0142a\u0144, maj\u0105cych na celu zapewnienie jak najwy\u017cszego poziomu bezpiecze\u0144stwa w plac\u00f3wce. Serdecznie dzi\u0119kuj\u0119 wszystkim, kt\u00f3rzy zaanga\u017cowali si\u0119 w realizacj\u0119 tego cennego projektu.<\/p>\n<p>Dyrektor Leszek Iwa\u0144czuk<\/p>\n\n\t\t<style type=\"text\/css\">\n\t\t\t#gallery-1 {\n\t\t\t\tmargin: auto;\n\t\t\t}\n\t\t\t#gallery-1 .gallery-item {\n\t\t\t\tfloat: left;\n\t\t\t\tmargin-top: 10px;\n\t\t\t\ttext-align: center;\n\t\t\t\twidth: 100%;\n\t\t\t}\n\t\t\t#gallery-1 img {\n\t\t\t\tborder: 2px solid #cfcfcf;\n\t\t\t}\n\t\t\t#gallery-1 .gallery-caption {\n\t\t\t\tmargin-left: 0;\n\t\t\t}\n\t\t\t\/* see gallery_shortcode() in wp-includes\/media.php *\/\n\t\t<\/style>\n\t\t<div id='gallery-1' class='gallery galleryid-1678 gallery-columns-1 gallery-size-thumbnail'><dl class='gallery-item'>\n\t\t\t<dt class='gallery-icon landscape'>\n\t\t\t\t<a title=\"Certyfikat Szko\u0142a promuj\u0105c bezpiecze\u0144stwo\" href='https:\/\/www.sosw.elblag.com.pl\/wp-content\/uploads\/2015\/11\/Certyfikat-Szko\u0142a-promuj\u0105c-bezpiecze\u0144stwo.jpg'><img loading=\"lazy\" decoding=\"async\" width=\"200\" height=\"200\" src=\"https:\/\/www.sosw.elblag.com.pl\/wp-content\/uploads\/2015\/11\/Certyfikat-Szko\u0142a-promuj\u0105c-bezpiecze\u0144stwo-200x200.jpg\" class=\"attachment-thumbnail size-thumbnail\" alt=\"\" \/><\/a>\n\t\t\t<\/dt><\/dl><br style=\"clear: both\" \/>\n\t\t<\/div>\n\n","protected":false},"excerpt":{"rendered":"<p>Wczoraj w Olsztynie Warmi\u0144sko &#8211; Mazurski Korator O\u015bwiaty uhonorowa\u0142 nas wyj\u0105tkowym certyfikatem &#8222;Szko\u0142a promuj\u0105ca bezpiecze\u0144stwo&#8221;. To pi\u0119kne podsumowanie wielu dzia\u0142a\u0144, maj\u0105cych na <a class=\"more-link\" href=\"https:\/\/www.sosw.elblag.com.pl\/index.php\/2015\/11\/04\/certyfikat-szkola-promujac-bezpieczenstwo\/\">Czytaj dalej&#8230;<\/a><\/p>\n","protected":false},"author":1,"featured_media":1679,"comment_status":"closed","ping_status":"closed","sticky":false,"template":"","format":"standard","meta":{"footnotes":""},"categories":[3],"tags":[],"class_list":["post-1678","post","type-post","status-publish","format-standard","has-post-thumbnail","hentry","category-z-zycia-osrodka"],"_links":{"self":[{"href":"https:\/\/www.sosw.elblag.com.pl\/index.php\/wp-json\/wp\/v2\/posts\/1678","targetHints":{"allow":["GET"]}}],"collection":[{"href":"https:\/\/www.sosw.elblag.com.pl\/index.php\/wp-json\/wp\/v2\/posts"}],"about":[{"href":"https:\/\/www.sosw.elblag.com.pl\/index.php\/wp-json\/wp\/v2\/types\/post"}],"author":[{"embeddable":true,"href":"https:\/\/www.sosw.elblag.com.pl\/index.php\/wp-json\/wp\/v2\/users\/1"}],"replies":[{"embeddable":true,"href":"https:\/\/www.sosw.elblag.com.pl\/index.php\/wp-json\/wp\/v2\/comments?post=1678"}],"version-history":[{"count":3,"href":"https:\/\/www.sosw.elblag.com.pl\/index.php\/wp-json\/wp\/v2\/posts\/1678\/revisions"}],"predecessor-version":[{"id":1682,"href":"https:\/\/www.sosw.elblag.com.pl\/index.php\/wp-json\/wp\/v2\/posts\/1678\/revisions\/1682"}],"wp:featuredmedia":[{"embeddable":true,"href":"https:\/\/www.sosw.elblag.com.pl\/index.php\/wp-json\/wp\/v2\/media\/1679"}],"wp:attachment":[{"href":"https:\/\/www.sosw.elblag.com.pl\/index.php\/wp-json\/wp\/v2\/media?parent=1678"}],"wp:term":[{"taxonomy":"category","embeddable":true,"href":"https:\/\/www.sosw.elblag.com.pl\/index.php\/wp-json\/wp\/v2\/categories?post=1678"},{"taxonomy":"post_tag","embeddable":true,"href":"https:\/\/www.sosw.elblag.com.pl\/index.php\/wp-json\/wp\/v2\/tags?post=1678"}],"curies":[{"name":"wp","href":"https:\/\/api.w.org\/{rel}","templated":true}]}}