{"id":1663,"date":"2015-11-04T22:00:30","date_gmt":"2015-11-04T21:00:30","guid":{"rendered":"http:\/\/www.sosw.elblag.com.pl\/?p=1663"},"modified":"2015-11-04T22:05:30","modified_gmt":"2015-11-04T21:05:30","slug":"domu-pomocy-spolecznej-przy-ognisku","status":"publish","type":"post","link":"https:\/\/www.sosw.elblag.com.pl\/index.php\/2015\/11\/04\/domu-pomocy-spolecznej-przy-ognisku\/","title":{"rendered":"Domu Pomocy Spo\u0142ecznej &#8222;przy ognisku&#8221;"},"content":{"rendered":"<p style=\"text-align: justify;\">Dzisiaj w Domu Pomocy Spo\u0142ecznej uczestniczy\u0142em w ciekawych zaj\u0119ciach tematycznych. Nauczyciele &#8222;przy ognisku&#8221; wprowadzali pensjonariuszy w jesienn\u0105 tematyk\u0119 za pomoc\u0105 wierszy, piosenek, wra\u017ce\u0144 sensorycznych. Gratuluj\u0119. Jak zawsze \u015bwietnie.<\/p>\n<p style=\"text-align: justify;\">Dyrektor Leszek Iwa\u0144czuk<\/p>\n\n\t\t<style type=\"text\/css\">\n\t\t\t#gallery-1 {\n\t\t\t\tmargin: auto;\n\t\t\t}\n\t\t\t#gallery-1 .gallery-item {\n\t\t\t\tfloat: left;\n\t\t\t\tmargin-top: 10px;\n\t\t\t\ttext-align: center;\n\t\t\t\twidth: 50%;\n\t\t\t}\n\t\t\t#gallery-1 img {\n\t\t\t\tborder: 2px solid #cfcfcf;\n\t\t\t}\n\t\t\t#gallery-1 .gallery-caption {\n\t\t\t\tmargin-left: 0;\n\t\t\t}\n\t\t\t\/* see gallery_shortcode() in wp-includes\/media.php *\/\n\t\t<\/style>\n\t\t<div id='gallery-1' class='gallery galleryid-1663 gallery-columns-2 gallery-size-thumbnail'><dl class='gallery-item'>\n\t\t\t<dt class='gallery-icon landscape'>\n\t\t\t\t<a title=\"1. Domu Pomocy Spo\u0142ecznej przy ognisku\" href='https:\/\/www.sosw.elblag.com.pl\/wp-content\/uploads\/2015\/11\/1.-Domu-Pomocy-Spo\u0142ecznej-przy-ognisku.jpg'><img loading=\"lazy\" decoding=\"async\" width=\"200\" height=\"200\" src=\"https:\/\/www.sosw.elblag.com.pl\/wp-content\/uploads\/2015\/11\/1.-Domu-Pomocy-Spo\u0142ecznej-przy-ognisku-200x200.jpg\" class=\"attachment-thumbnail size-thumbnail\" alt=\"\" \/><\/a>\n\t\t\t<\/dt><\/dl><dl class='gallery-item'>\n\t\t\t<dt class='gallery-icon landscape'>\n\t\t\t\t<a title=\"2. Domu Pomocy Spo\u0142ecznej przy ognisku\" href='https:\/\/www.sosw.elblag.com.pl\/wp-content\/uploads\/2015\/11\/2.-Domu-Pomocy-Spo\u0142ecznej-przy-ognisku.jpg'><img loading=\"lazy\" decoding=\"async\" width=\"200\" height=\"200\" src=\"https:\/\/www.sosw.elblag.com.pl\/wp-content\/uploads\/2015\/11\/2.-Domu-Pomocy-Spo\u0142ecznej-przy-ognisku-200x200.jpg\" class=\"attachment-thumbnail size-thumbnail\" alt=\"\" \/><\/a>\n\t\t\t<\/dt><\/dl><br style=\"clear: both\" \/><dl class='gallery-item'>\n\t\t\t<dt class='gallery-icon landscape'>\n\t\t\t\t<a title=\"3. Domu Pomocy Spo\u0142ecznej przy ognisku\" href='https:\/\/www.sosw.elblag.com.pl\/wp-content\/uploads\/2015\/11\/3.-Domu-Pomocy-Spo\u0142ecznej-przy-ognisku.jpg'><img loading=\"lazy\" decoding=\"async\" width=\"200\" height=\"200\" src=\"https:\/\/www.sosw.elblag.com.pl\/wp-content\/uploads\/2015\/11\/3.-Domu-Pomocy-Spo\u0142ecznej-przy-ognisku-200x200.jpg\" class=\"attachment-thumbnail size-thumbnail\" alt=\"\" \/><\/a>\n\t\t\t<\/dt><\/dl><dl class='gallery-item'>\n\t\t\t<dt class='gallery-icon landscape'>\n\t\t\t\t<a title=\"4. Domu Pomocy Spo\u0142ecznej przy ognisku\" href='https:\/\/www.sosw.elblag.com.pl\/wp-content\/uploads\/2015\/11\/4.-Domu-Pomocy-Spo\u0142ecznej-przy-ognisku.jpg'><img loading=\"lazy\" decoding=\"async\" width=\"200\" height=\"200\" src=\"https:\/\/www.sosw.elblag.com.pl\/wp-content\/uploads\/2015\/11\/4.-Domu-Pomocy-Spo\u0142ecznej-przy-ognisku-200x200.jpg\" class=\"attachment-thumbnail size-thumbnail\" alt=\"\" \/><\/a>\n\t\t\t<\/dt><\/dl><br style=\"clear: both\" \/><dl class='gallery-item'>\n\t\t\t<dt class='gallery-icon landscape'>\n\t\t\t\t<a title=\"5. Domu Pomocy Spo\u0142ecznej przy ognisku\" href='https:\/\/www.sosw.elblag.com.pl\/wp-content\/uploads\/2015\/11\/5.-Domu-Pomocy-Spo\u0142ecznej-przy-ognisku.jpg'><img loading=\"lazy\" decoding=\"async\" width=\"200\" height=\"200\" src=\"https:\/\/www.sosw.elblag.com.pl\/wp-content\/uploads\/2015\/11\/5.-Domu-Pomocy-Spo\u0142ecznej-przy-ognisku-200x200.jpg\" class=\"attachment-thumbnail size-thumbnail\" alt=\"\" \/><\/a>\n\t\t\t<\/dt><\/dl><dl class='gallery-item'>\n\t\t\t<dt class='gallery-icon landscape'>\n\t\t\t\t<a title=\"6. Domu Pomocy Spo\u0142ecznej przy ognisku\" href='https:\/\/www.sosw.elblag.com.pl\/wp-content\/uploads\/2015\/11\/6.-Domu-Pomocy-Spo\u0142ecznej-przy-ognisku.jpg'><img loading=\"lazy\" decoding=\"async\" width=\"200\" height=\"200\" src=\"https:\/\/www.sosw.elblag.com.pl\/wp-content\/uploads\/2015\/11\/6.-Domu-Pomocy-Spo\u0142ecznej-przy-ognisku-200x200.jpg\" class=\"attachment-thumbnail size-thumbnail\" alt=\"\" \/><\/a>\n\t\t\t<\/dt><\/dl><br style=\"clear: both\" \/><dl class='gallery-item'>\n\t\t\t<dt class='gallery-icon landscape'>\n\t\t\t\t<a title=\"7. Domu Pomocy Spo\u0142ecznej przy ognisku\" href='https:\/\/www.sosw.elblag.com.pl\/wp-content\/uploads\/2015\/11\/7.-Domu-Pomocy-Spo\u0142ecznej-przy-ognisku.jpg'><img loading=\"lazy\" decoding=\"async\" width=\"200\" height=\"200\" src=\"https:\/\/www.sosw.elblag.com.pl\/wp-content\/uploads\/2015\/11\/7.-Domu-Pomocy-Spo\u0142ecznej-przy-ognisku-200x200.jpg\" class=\"attachment-thumbnail size-thumbnail\" alt=\"\" \/><\/a>\n\t\t\t<\/dt><\/dl><dl class='gallery-item'>\n\t\t\t<dt class='gallery-icon landscape'>\n\t\t\t\t<a title=\"8. Domu Pomocy Spo\u0142ecznej przy ognisku\" href='https:\/\/www.sosw.elblag.com.pl\/wp-content\/uploads\/2015\/11\/8.-Domu-Pomocy-Spo\u0142ecznej-przy-ognisku.jpg'><img loading=\"lazy\" decoding=\"async\" width=\"200\" height=\"200\" src=\"https:\/\/www.sosw.elblag.com.pl\/wp-content\/uploads\/2015\/11\/8.-Domu-Pomocy-Spo\u0142ecznej-przy-ognisku-200x200.jpg\" class=\"attachment-thumbnail size-thumbnail\" alt=\"\" \/><\/a>\n\t\t\t<\/dt><\/dl><br style=\"clear: both\" \/><dl class='gallery-item'>\n\t\t\t<dt class='gallery-icon landscape'>\n\t\t\t\t<a title=\"9. Domu Pomocy Spo\u0142ecznej przy ognisku\" href='https:\/\/www.sosw.elblag.com.pl\/wp-content\/uploads\/2015\/11\/9.-Domu-Pomocy-Spo\u0142ecznej-przy-ognisku.jpg'><img loading=\"lazy\" decoding=\"async\" width=\"200\" height=\"200\" src=\"https:\/\/www.sosw.elblag.com.pl\/wp-content\/uploads\/2015\/11\/9.-Domu-Pomocy-Spo\u0142ecznej-przy-ognisku-200x200.jpg\" class=\"attachment-thumbnail size-thumbnail\" alt=\"\" \/><\/a>\n\t\t\t<\/dt><\/dl><dl class='gallery-item'>\n\t\t\t<dt class='gallery-icon landscape'>\n\t\t\t\t<a title=\"10. Domu Pomocy Spo\u0142ecznej przy ognisku\" href='https:\/\/www.sosw.elblag.com.pl\/wp-content\/uploads\/2015\/11\/10.-Domu-Pomocy-Spo\u0142ecznej-przy-ognisku.jpg'><img loading=\"lazy\" decoding=\"async\" width=\"200\" height=\"200\" src=\"https:\/\/www.sosw.elblag.com.pl\/wp-content\/uploads\/2015\/11\/10.-Domu-Pomocy-Spo\u0142ecznej-przy-ognisku-200x200.jpg\" class=\"attachment-thumbnail size-thumbnail\" alt=\"\" \/><\/a>\n\t\t\t<\/dt><\/dl><br style=\"clear: both\" \/><dl class='gallery-item'>\n\t\t\t<dt class='gallery-icon landscape'>\n\t\t\t\t<a title=\"11. Domu Pomocy Spo\u0142ecznej przy ognisku\" href='https:\/\/www.sosw.elblag.com.pl\/wp-content\/uploads\/2015\/11\/11.-Domu-Pomocy-Spo\u0142ecznej-przy-ognisku.jpg'><img loading=\"lazy\" decoding=\"async\" width=\"200\" height=\"200\" src=\"https:\/\/www.sosw.elblag.com.pl\/wp-content\/uploads\/2015\/11\/11.-Domu-Pomocy-Spo\u0142ecznej-przy-ognisku-200x200.jpg\" class=\"attachment-thumbnail size-thumbnail\" alt=\"\" \/><\/a>\n\t\t\t<\/dt><\/dl><dl class='gallery-item'>\n\t\t\t<dt class='gallery-icon landscape'>\n\t\t\t\t<a title=\"12. Domu Pomocy Spo\u0142ecznej przy ognisku\" href='https:\/\/www.sosw.elblag.com.pl\/wp-content\/uploads\/2015\/11\/12.-Domu-Pomocy-Spo\u0142ecznej-przy-ognisku.jpg'><img loading=\"lazy\" decoding=\"async\" width=\"200\" height=\"200\" src=\"https:\/\/www.sosw.elblag.com.pl\/wp-content\/uploads\/2015\/11\/12.-Domu-Pomocy-Spo\u0142ecznej-przy-ognisku-200x200.jpg\" class=\"attachment-thumbnail size-thumbnail\" alt=\"\" \/><\/a>\n\t\t\t<\/dt><\/dl><br style=\"clear: both\" \/>\n\t\t<\/div>\n\n","protected":false},"excerpt":{"rendered":"<p>Dzisiaj w Domu Pomocy Spo\u0142ecznej uczestniczy\u0142em w ciekawych zaj\u0119ciach tematycznych. Nauczyciele &#8222;przy ognisku&#8221; wprowadzali pensjonariuszy w jesienn\u0105 tematyk\u0119 za pomoc\u0105 wierszy, piosenek, <a class=\"more-link\" href=\"https:\/\/www.sosw.elblag.com.pl\/index.php\/2015\/11\/04\/domu-pomocy-spolecznej-przy-ognisku\/\">Czytaj dalej&#8230;<\/a><\/p>\n","protected":false},"author":1,"featured_media":1666,"comment_status":"closed","ping_status":"closed","sticky":false,"template":"","format":"standard","meta":{"footnotes":""},"categories":[8],"tags":[],"class_list":["post-1663","post","type-post","status-publish","format-standard","has-post-thumbnail","hentry","category-dom-pomocy-spolecznej"],"_links":{"self":[{"href":"https:\/\/www.sosw.elblag.com.pl\/index.php\/wp-json\/wp\/v2\/posts\/1663","targetHints":{"allow":["GET"]}}],"collection":[{"href":"https:\/\/www.sosw.elblag.com.pl\/index.php\/wp-json\/wp\/v2\/posts"}],"about":[{"href":"https:\/\/www.sosw.elblag.com.pl\/index.php\/wp-json\/wp\/v2\/types\/post"}],"author":[{"embeddable":true,"href":"https:\/\/www.sosw.elblag.com.pl\/index.php\/wp-json\/wp\/v2\/users\/1"}],"replies":[{"embeddable":true,"href":"https:\/\/www.sosw.elblag.com.pl\/index.php\/wp-json\/wp\/v2\/comments?post=1663"}],"version-history":[{"count":2,"href":"https:\/\/www.sosw.elblag.com.pl\/index.php\/wp-json\/wp\/v2\/posts\/1663\/revisions"}],"predecessor-version":[{"id":1677,"href":"https:\/\/www.sosw.elblag.com.pl\/index.php\/wp-json\/wp\/v2\/posts\/1663\/revisions\/1677"}],"wp:featuredmedia":[{"embeddable":true,"href":"https:\/\/www.sosw.elblag.com.pl\/index.php\/wp-json\/wp\/v2\/media\/1666"}],"wp:attachment":[{"href":"https:\/\/www.sosw.elblag.com.pl\/index.php\/wp-json\/wp\/v2\/media?parent=1663"}],"wp:term":[{"taxonomy":"category","embeddable":true,"href":"https:\/\/www.sosw.elblag.com.pl\/index.php\/wp-json\/wp\/v2\/categories?post=1663"},{"taxonomy":"post_tag","embeddable":true,"href":"https:\/\/www.sosw.elblag.com.pl\/index.php\/wp-json\/wp\/v2\/tags?post=1663"}],"curies":[{"name":"wp","href":"https:\/\/api.w.org\/{rel}","templated":true}]}}