{"id":1625,"date":"2015-11-03T18:45:30","date_gmt":"2015-11-03T17:45:30","guid":{"rendered":"http:\/\/www.sosw.elblag.com.pl\/?p=1625"},"modified":"2015-11-03T18:45:30","modified_gmt":"2015-11-03T17:45:30","slug":"otwarcie-punktu-przedszkolnego","status":"publish","type":"post","link":"https:\/\/www.sosw.elblag.com.pl\/index.php\/2015\/11\/03\/otwarcie-punktu-przedszkolnego\/","title":{"rendered":"Otwarcie punktu przedszkolnego"},"content":{"rendered":"<p style=\"text-align: justify;\">Dzisiaj uroczy\u015bcie otworzyli\u015bmy punkt przedszkolny. Byli znakomici go\u015bcie, wyj\u0105tkowy tort, \u0142zy wzruszenia, ogromne emocje. To podsumowanie szczeg\u00f3lnie wa\u017cnego etapu w \u017cyciu o\u015brodka, ale r\u00f3wnie\u017c w moim osobistym oraz zawodowym. Nie ka\u017cdy dyrektor w ko\u0144cu tworzy od pocz\u0105tku do ko\u0144ca przedszkole. Dzi\u0119kuj\u0119 w\u0142adzom samorz\u0105dowym za wszechstronne wsparcie naszych marze\u0144, swoim wsp\u00f3\u0142pracownikom za ogromn\u0105 wyrozumia\u0142o\u015b\u0107, ca\u0142ej rzeszy ludzi za po\u015bwi\u0119cenie swojego cennego czasu, umiej\u0119tno\u015bci i pracy, a rodzicom za zaufanie. Ze wspania\u0142ymi i dobrymi lud\u017ami mo\u017cna przenosi\u0107 g\u00f3ry. Dzi\u0119kuj\u0119.<\/p>\n<p style=\"text-align: justify;\">Dyrektor Leszek Iwa\u0144czuk<\/p>\n\n\t\t<style type=\"text\/css\">\n\t\t\t#gallery-1 {\n\t\t\t\tmargin: auto;\n\t\t\t}\n\t\t\t#gallery-1 .gallery-item {\n\t\t\t\tfloat: left;\n\t\t\t\tmargin-top: 10px;\n\t\t\t\ttext-align: center;\n\t\t\t\twidth: 20%;\n\t\t\t}\n\t\t\t#gallery-1 img {\n\t\t\t\tborder: 2px solid #cfcfcf;\n\t\t\t}\n\t\t\t#gallery-1 .gallery-caption {\n\t\t\t\tmargin-left: 0;\n\t\t\t}\n\t\t\t\/* see gallery_shortcode() in wp-includes\/media.php *\/\n\t\t<\/style>\n\t\t<div id='gallery-1' class='gallery galleryid-1625 gallery-columns-5 gallery-size-thumbnail'><dl class='gallery-item'>\n\t\t\t<dt class='gallery-icon landscape'>\n\t\t\t\t<a title=\"1. Otwarcie punktu przedszkolnego\" href='https:\/\/www.sosw.elblag.com.pl\/wp-content\/uploads\/2015\/11\/1.-Otwarcie-punktu-przedszkolnego.jpg'><img loading=\"lazy\" decoding=\"async\" width=\"200\" height=\"200\" src=\"https:\/\/www.sosw.elblag.com.pl\/wp-content\/uploads\/2015\/11\/1.-Otwarcie-punktu-przedszkolnego-200x200.jpg\" class=\"attachment-thumbnail size-thumbnail\" alt=\"\" \/><\/a>\n\t\t\t<\/dt><\/dl><dl class='gallery-item'>\n\t\t\t<dt class='gallery-icon landscape'>\n\t\t\t\t<a title=\"2. Otwarcie punktu przedszkolnego\" href='https:\/\/www.sosw.elblag.com.pl\/wp-content\/uploads\/2015\/11\/2.-Otwarcie-punktu-przedszkolnego.jpg'><img loading=\"lazy\" decoding=\"async\" width=\"200\" height=\"200\" src=\"https:\/\/www.sosw.elblag.com.pl\/wp-content\/uploads\/2015\/11\/2.-Otwarcie-punktu-przedszkolnego-200x200.jpg\" class=\"attachment-thumbnail size-thumbnail\" alt=\"\" \/><\/a>\n\t\t\t<\/dt><\/dl><dl class='gallery-item'>\n\t\t\t<dt class='gallery-icon landscape'>\n\t\t\t\t<a title=\"3. Otwarcie punktu przedszkolnego\" href='https:\/\/www.sosw.elblag.com.pl\/wp-content\/uploads\/2015\/11\/3.-Otwarcie-punktu-przedszkolnego.jpg'><img loading=\"lazy\" decoding=\"async\" width=\"200\" height=\"200\" src=\"https:\/\/www.sosw.elblag.com.pl\/wp-content\/uploads\/2015\/11\/3.-Otwarcie-punktu-przedszkolnego-200x200.jpg\" class=\"attachment-thumbnail size-thumbnail\" alt=\"\" \/><\/a>\n\t\t\t<\/dt><\/dl><dl class='gallery-item'>\n\t\t\t<dt class='gallery-icon landscape'>\n\t\t\t\t<a title=\"4. Otwarcie punktu przedszkolnego\" href='https:\/\/www.sosw.elblag.com.pl\/wp-content\/uploads\/2015\/11\/4.-Otwarcie-punktu-przedszkolnego.jpg'><img loading=\"lazy\" decoding=\"async\" width=\"200\" height=\"200\" src=\"https:\/\/www.sosw.elblag.com.pl\/wp-content\/uploads\/2015\/11\/4.-Otwarcie-punktu-przedszkolnego-200x200.jpg\" class=\"attachment-thumbnail size-thumbnail\" alt=\"\" \/><\/a>\n\t\t\t<\/dt><\/dl><dl class='gallery-item'>\n\t\t\t<dt class='gallery-icon landscape'>\n\t\t\t\t<a title=\"5. Otwarcie punktu przedszkolnego\" href='https:\/\/www.sosw.elblag.com.pl\/wp-content\/uploads\/2015\/11\/5.-Otwarcie-punktu-przedszkolnego.jpg'><img loading=\"lazy\" decoding=\"async\" width=\"200\" height=\"200\" src=\"https:\/\/www.sosw.elblag.com.pl\/wp-content\/uploads\/2015\/11\/5.-Otwarcie-punktu-przedszkolnego-200x200.jpg\" class=\"attachment-thumbnail size-thumbnail\" alt=\"\" \/><\/a>\n\t\t\t<\/dt><\/dl><br style=\"clear: both\" \/><dl class='gallery-item'>\n\t\t\t<dt class='gallery-icon landscape'>\n\t\t\t\t<a title=\"6. Otwarcie punktu przedszkolnego\" href='https:\/\/www.sosw.elblag.com.pl\/wp-content\/uploads\/2015\/11\/6.-Otwarcie-punktu-przedszkolnego.jpg'><img loading=\"lazy\" decoding=\"async\" width=\"200\" height=\"200\" src=\"https:\/\/www.sosw.elblag.com.pl\/wp-content\/uploads\/2015\/11\/6.-Otwarcie-punktu-przedszkolnego-200x200.jpg\" class=\"attachment-thumbnail size-thumbnail\" alt=\"\" \/><\/a>\n\t\t\t<\/dt><\/dl><dl class='gallery-item'>\n\t\t\t<dt class='gallery-icon landscape'>\n\t\t\t\t<a title=\"7. Otwarcie punktu przedszkolnego\" href='https:\/\/www.sosw.elblag.com.pl\/wp-content\/uploads\/2015\/11\/7.-Otwarcie-punktu-przedszkolnego.jpg'><img loading=\"lazy\" decoding=\"async\" width=\"200\" height=\"200\" src=\"https:\/\/www.sosw.elblag.com.pl\/wp-content\/uploads\/2015\/11\/7.-Otwarcie-punktu-przedszkolnego-200x200.jpg\" class=\"attachment-thumbnail size-thumbnail\" alt=\"\" \/><\/a>\n\t\t\t<\/dt><\/dl><dl class='gallery-item'>\n\t\t\t<dt class='gallery-icon landscape'>\n\t\t\t\t<a title=\"8. Otwarcie punktu przedszkolnego\" href='https:\/\/www.sosw.elblag.com.pl\/wp-content\/uploads\/2015\/11\/8.-Otwarcie-punktu-przedszkolnego.jpg'><img loading=\"lazy\" decoding=\"async\" width=\"200\" height=\"200\" src=\"https:\/\/www.sosw.elblag.com.pl\/wp-content\/uploads\/2015\/11\/8.-Otwarcie-punktu-przedszkolnego-200x200.jpg\" class=\"attachment-thumbnail size-thumbnail\" alt=\"\" \/><\/a>\n\t\t\t<\/dt><\/dl><dl class='gallery-item'>\n\t\t\t<dt class='gallery-icon landscape'>\n\t\t\t\t<a title=\"9. Otwarcie punktu przedszkolnego\" href='https:\/\/www.sosw.elblag.com.pl\/wp-content\/uploads\/2015\/11\/9.-Otwarcie-punktu-przedszkolnego.jpg'><img loading=\"lazy\" decoding=\"async\" width=\"200\" height=\"200\" src=\"https:\/\/www.sosw.elblag.com.pl\/wp-content\/uploads\/2015\/11\/9.-Otwarcie-punktu-przedszkolnego-200x200.jpg\" class=\"attachment-thumbnail size-thumbnail\" alt=\"\" \/><\/a>\n\t\t\t<\/dt><\/dl><dl class='gallery-item'>\n\t\t\t<dt class='gallery-icon landscape'>\n\t\t\t\t<a title=\"10. Otwarcie punktu przedszkolnego\" href='https:\/\/www.sosw.elblag.com.pl\/wp-content\/uploads\/2015\/11\/10.-Otwarcie-punktu-przedszkolnego.jpg'><img loading=\"lazy\" decoding=\"async\" width=\"200\" height=\"200\" src=\"https:\/\/www.sosw.elblag.com.pl\/wp-content\/uploads\/2015\/11\/10.-Otwarcie-punktu-przedszkolnego-200x200.jpg\" class=\"attachment-thumbnail size-thumbnail\" alt=\"\" \/><\/a>\n\t\t\t<\/dt><\/dl><br style=\"clear: both\" \/><dl class='gallery-item'>\n\t\t\t<dt class='gallery-icon landscape'>\n\t\t\t\t<a title=\"11. Otwarcie punktu przedszkolnego\" href='https:\/\/www.sosw.elblag.com.pl\/wp-content\/uploads\/2015\/11\/11.-Otwarcie-punktu-przedszkolnego.jpg'><img loading=\"lazy\" decoding=\"async\" width=\"200\" height=\"200\" src=\"https:\/\/www.sosw.elblag.com.pl\/wp-content\/uploads\/2015\/11\/11.-Otwarcie-punktu-przedszkolnego-200x200.jpg\" class=\"attachment-thumbnail size-thumbnail\" alt=\"\" \/><\/a>\n\t\t\t<\/dt><\/dl><dl class='gallery-item'>\n\t\t\t<dt class='gallery-icon landscape'>\n\t\t\t\t<a title=\"12. Otwarcie punktu przedszkolnego\" href='https:\/\/www.sosw.elblag.com.pl\/wp-content\/uploads\/2015\/11\/12.-Otwarcie-punktu-przedszkolnego.jpg'><img loading=\"lazy\" decoding=\"async\" width=\"200\" height=\"200\" src=\"https:\/\/www.sosw.elblag.com.pl\/wp-content\/uploads\/2015\/11\/12.-Otwarcie-punktu-przedszkolnego-200x200.jpg\" class=\"attachment-thumbnail size-thumbnail\" alt=\"\" \/><\/a>\n\t\t\t<\/dt><\/dl><dl class='gallery-item'>\n\t\t\t<dt class='gallery-icon landscape'>\n\t\t\t\t<a title=\"13. Otwarcie punktu przedszkolnego\" href='https:\/\/www.sosw.elblag.com.pl\/wp-content\/uploads\/2015\/11\/13.-Otwarcie-punktu-przedszkolnego.jpg'><img loading=\"lazy\" decoding=\"async\" width=\"200\" height=\"200\" src=\"https:\/\/www.sosw.elblag.com.pl\/wp-content\/uploads\/2015\/11\/13.-Otwarcie-punktu-przedszkolnego-200x200.jpg\" class=\"attachment-thumbnail size-thumbnail\" alt=\"\" \/><\/a>\n\t\t\t<\/dt><\/dl><dl class='gallery-item'>\n\t\t\t<dt class='gallery-icon landscape'>\n\t\t\t\t<a title=\"14. Otwarcie punktu przedszkolnego\" href='https:\/\/www.sosw.elblag.com.pl\/wp-content\/uploads\/2015\/11\/14.-Otwarcie-punktu-przedszkolnego.jpg'><img loading=\"lazy\" decoding=\"async\" width=\"200\" height=\"200\" src=\"https:\/\/www.sosw.elblag.com.pl\/wp-content\/uploads\/2015\/11\/14.-Otwarcie-punktu-przedszkolnego-200x200.jpg\" class=\"attachment-thumbnail size-thumbnail\" alt=\"\" \/><\/a>\n\t\t\t<\/dt><\/dl><dl class='gallery-item'>\n\t\t\t<dt class='gallery-icon landscape'>\n\t\t\t\t<a title=\"15. Otwarcie punktu przedszkolnego\" href='https:\/\/www.sosw.elblag.com.pl\/wp-content\/uploads\/2015\/11\/15.-Otwarcie-punktu-przedszkolnego.jpg'><img loading=\"lazy\" decoding=\"async\" width=\"200\" height=\"200\" src=\"https:\/\/www.sosw.elblag.com.pl\/wp-content\/uploads\/2015\/11\/15.-Otwarcie-punktu-przedszkolnego-200x200.jpg\" class=\"attachment-thumbnail size-thumbnail\" alt=\"\" \/><\/a>\n\t\t\t<\/dt><\/dl><br style=\"clear: both\" \/><dl class='gallery-item'>\n\t\t\t<dt class='gallery-icon landscape'>\n\t\t\t\t<a title=\"16. Otwarcie punktu przedszkolnego\" href='https:\/\/www.sosw.elblag.com.pl\/wp-content\/uploads\/2015\/11\/16.-Otwarcie-punktu-przedszkolnego.jpg'><img loading=\"lazy\" decoding=\"async\" width=\"200\" height=\"200\" src=\"https:\/\/www.sosw.elblag.com.pl\/wp-content\/uploads\/2015\/11\/16.-Otwarcie-punktu-przedszkolnego-200x200.jpg\" class=\"attachment-thumbnail size-thumbnail\" alt=\"\" \/><\/a>\n\t\t\t<\/dt><\/dl><dl class='gallery-item'>\n\t\t\t<dt class='gallery-icon landscape'>\n\t\t\t\t<a title=\"17. Otwarcie punktu przedszkolnego\" href='https:\/\/www.sosw.elblag.com.pl\/wp-content\/uploads\/2015\/11\/17.-Otwarcie-punktu-przedszkolnego.jpg'><img loading=\"lazy\" decoding=\"async\" width=\"200\" height=\"200\" src=\"https:\/\/www.sosw.elblag.com.pl\/wp-content\/uploads\/2015\/11\/17.-Otwarcie-punktu-przedszkolnego-200x200.jpg\" class=\"attachment-thumbnail size-thumbnail\" alt=\"\" \/><\/a>\n\t\t\t<\/dt><\/dl><dl class='gallery-item'>\n\t\t\t<dt class='gallery-icon landscape'>\n\t\t\t\t<a title=\"18. Otwarcie punktu przedszkolnego\" href='https:\/\/www.sosw.elblag.com.pl\/wp-content\/uploads\/2015\/11\/18.-Otwarcie-punktu-przedszkolnego.jpg'><img loading=\"lazy\" decoding=\"async\" width=\"200\" height=\"200\" src=\"https:\/\/www.sosw.elblag.com.pl\/wp-content\/uploads\/2015\/11\/18.-Otwarcie-punktu-przedszkolnego-200x200.jpg\" class=\"attachment-thumbnail size-thumbnail\" alt=\"\" \/><\/a>\n\t\t\t<\/dt><\/dl><dl class='gallery-item'>\n\t\t\t<dt class='gallery-icon landscape'>\n\t\t\t\t<a title=\"19. Otwarcie punktu przedszkolnego\" href='https:\/\/www.sosw.elblag.com.pl\/wp-content\/uploads\/2015\/11\/19.-Otwarcie-punktu-przedszkolnego.jpg'><img loading=\"lazy\" decoding=\"async\" width=\"200\" height=\"200\" src=\"https:\/\/www.sosw.elblag.com.pl\/wp-content\/uploads\/2015\/11\/19.-Otwarcie-punktu-przedszkolnego-200x200.jpg\" class=\"attachment-thumbnail size-thumbnail\" alt=\"\" \/><\/a>\n\t\t\t<\/dt><\/dl><dl class='gallery-item'>\n\t\t\t<dt class='gallery-icon landscape'>\n\t\t\t\t<a title=\"20. Otwarcie punktu przedszkolnego\" href='https:\/\/www.sosw.elblag.com.pl\/wp-content\/uploads\/2015\/11\/20.-Otwarcie-punktu-przedszkolnego.jpg'><img loading=\"lazy\" decoding=\"async\" width=\"200\" height=\"200\" src=\"https:\/\/www.sosw.elblag.com.pl\/wp-content\/uploads\/2015\/11\/20.-Otwarcie-punktu-przedszkolnego-200x200.jpg\" class=\"attachment-thumbnail size-thumbnail\" alt=\"\" \/><\/a>\n\t\t\t<\/dt><\/dl><br style=\"clear: both\" \/><dl class='gallery-item'>\n\t\t\t<dt class='gallery-icon landscape'>\n\t\t\t\t<a title=\"21. Otwarcie punktu przedszkolnego\" href='https:\/\/www.sosw.elblag.com.pl\/wp-content\/uploads\/2015\/11\/21.-Otwarcie-punktu-przedszkolnego.jpg'><img loading=\"lazy\" decoding=\"async\" width=\"200\" height=\"200\" src=\"https:\/\/www.sosw.elblag.com.pl\/wp-content\/uploads\/2015\/11\/21.-Otwarcie-punktu-przedszkolnego-200x200.jpg\" class=\"attachment-thumbnail size-thumbnail\" alt=\"\" \/><\/a>\n\t\t\t<\/dt><\/dl><dl class='gallery-item'>\n\t\t\t<dt class='gallery-icon landscape'>\n\t\t\t\t<a title=\"22. Otwarcie punktu przedszkolnego\" href='https:\/\/www.sosw.elblag.com.pl\/wp-content\/uploads\/2015\/11\/22.-Otwarcie-punktu-przedszkolnego.jpg'><img loading=\"lazy\" decoding=\"async\" width=\"200\" height=\"200\" src=\"https:\/\/www.sosw.elblag.com.pl\/wp-content\/uploads\/2015\/11\/22.-Otwarcie-punktu-przedszkolnego-200x200.jpg\" class=\"attachment-thumbnail size-thumbnail\" alt=\"\" \/><\/a>\n\t\t\t<\/dt><\/dl><dl class='gallery-item'>\n\t\t\t<dt class='gallery-icon landscape'>\n\t\t\t\t<a title=\"23. Otwarcie punktu przedszkolnego\" href='https:\/\/www.sosw.elblag.com.pl\/wp-content\/uploads\/2015\/11\/23.-Otwarcie-punktu-przedszkolnego.jpg'><img loading=\"lazy\" decoding=\"async\" width=\"200\" height=\"200\" src=\"https:\/\/www.sosw.elblag.com.pl\/wp-content\/uploads\/2015\/11\/23.-Otwarcie-punktu-przedszkolnego-200x200.jpg\" class=\"attachment-thumbnail size-thumbnail\" alt=\"\" \/><\/a>\n\t\t\t<\/dt><\/dl><dl class='gallery-item'>\n\t\t\t<dt class='gallery-icon landscape'>\n\t\t\t\t<a title=\"24. Otwarcie punktu przedszkolnego\" href='https:\/\/www.sosw.elblag.com.pl\/wp-content\/uploads\/2015\/11\/24.-Otwarcie-punktu-przedszkolnego.jpg'><img loading=\"lazy\" decoding=\"async\" width=\"200\" height=\"200\" src=\"https:\/\/www.sosw.elblag.com.pl\/wp-content\/uploads\/2015\/11\/24.-Otwarcie-punktu-przedszkolnego-200x200.jpg\" class=\"attachment-thumbnail size-thumbnail\" alt=\"\" \/><\/a>\n\t\t\t<\/dt><\/dl><dl class='gallery-item'>\n\t\t\t<dt class='gallery-icon landscape'>\n\t\t\t\t<a title=\"25. Otwarcie punktu przedszkolnego\" href='https:\/\/www.sosw.elblag.com.pl\/wp-content\/uploads\/2015\/11\/25.-Otwarcie-punktu-przedszkolnego.jpg'><img loading=\"lazy\" decoding=\"async\" width=\"200\" height=\"200\" src=\"https:\/\/www.sosw.elblag.com.pl\/wp-content\/uploads\/2015\/11\/25.-Otwarcie-punktu-przedszkolnego-200x200.jpg\" class=\"attachment-thumbnail size-thumbnail\" alt=\"\" \/><\/a>\n\t\t\t<\/dt><\/dl><br style=\"clear: both\" \/><dl class='gallery-item'>\n\t\t\t<dt class='gallery-icon landscape'>\n\t\t\t\t<a title=\"26. Otwarcie punktu przedszkolnego\" href='https:\/\/www.sosw.elblag.com.pl\/wp-content\/uploads\/2015\/11\/26.-Otwarcie-punktu-przedszkolnego.jpg'><img loading=\"lazy\" decoding=\"async\" width=\"200\" height=\"200\" src=\"https:\/\/www.sosw.elblag.com.pl\/wp-content\/uploads\/2015\/11\/26.-Otwarcie-punktu-przedszkolnego-200x200.jpg\" class=\"attachment-thumbnail size-thumbnail\" alt=\"\" \/><\/a>\n\t\t\t<\/dt><\/dl><dl class='gallery-item'>\n\t\t\t<dt class='gallery-icon landscape'>\n\t\t\t\t<a title=\"27. Otwarcie punktu przedszkolnego\" href='https:\/\/www.sosw.elblag.com.pl\/wp-content\/uploads\/2015\/11\/27.-Otwarcie-punktu-przedszkolnego.jpg'><img loading=\"lazy\" decoding=\"async\" width=\"200\" height=\"200\" src=\"https:\/\/www.sosw.elblag.com.pl\/wp-content\/uploads\/2015\/11\/27.-Otwarcie-punktu-przedszkolnego-200x200.jpg\" class=\"attachment-thumbnail size-thumbnail\" alt=\"\" \/><\/a>\n\t\t\t<\/dt><\/dl><dl class='gallery-item'>\n\t\t\t<dt class='gallery-icon landscape'>\n\t\t\t\t<a title=\"28. Otwarcie punktu przedszkolnego\" href='https:\/\/www.sosw.elblag.com.pl\/wp-content\/uploads\/2015\/11\/28.-Otwarcie-punktu-przedszkolnego.jpg'><img loading=\"lazy\" decoding=\"async\" width=\"200\" height=\"200\" src=\"https:\/\/www.sosw.elblag.com.pl\/wp-content\/uploads\/2015\/11\/28.-Otwarcie-punktu-przedszkolnego-200x200.jpg\" class=\"attachment-thumbnail size-thumbnail\" alt=\"\" \/><\/a>\n\t\t\t<\/dt><\/dl><dl class='gallery-item'>\n\t\t\t<dt class='gallery-icon landscape'>\n\t\t\t\t<a title=\"29. Otwarcie punktu przedszkolnego\" href='https:\/\/www.sosw.elblag.com.pl\/wp-content\/uploads\/2015\/11\/29.-Otwarcie-punktu-przedszkolnego.jpg'><img loading=\"lazy\" decoding=\"async\" width=\"200\" height=\"200\" src=\"https:\/\/www.sosw.elblag.com.pl\/wp-content\/uploads\/2015\/11\/29.-Otwarcie-punktu-przedszkolnego-200x200.jpg\" class=\"attachment-thumbnail size-thumbnail\" alt=\"\" \/><\/a>\n\t\t\t<\/dt><\/dl><dl class='gallery-item'>\n\t\t\t<dt class='gallery-icon landscape'>\n\t\t\t\t<a title=\"30. Otwarcie punktu przedszkolnego\" href='https:\/\/www.sosw.elblag.com.pl\/wp-content\/uploads\/2015\/11\/30.-Otwarcie-punktu-przedszkolnego.jpg'><img loading=\"lazy\" decoding=\"async\" width=\"200\" height=\"200\" src=\"https:\/\/www.sosw.elblag.com.pl\/wp-content\/uploads\/2015\/11\/30.-Otwarcie-punktu-przedszkolnego-200x200.jpg\" class=\"attachment-thumbnail size-thumbnail\" alt=\"\" \/><\/a>\n\t\t\t<\/dt><\/dl><br style=\"clear: both\" \/><dl class='gallery-item'>\n\t\t\t<dt class='gallery-icon landscape'>\n\t\t\t\t<a title=\"31. Otwarcie punktu przedszkolnego\" href='https:\/\/www.sosw.elblag.com.pl\/wp-content\/uploads\/2015\/11\/31.-Otwarcie-punktu-przedszkolnego.jpg'><img loading=\"lazy\" decoding=\"async\" width=\"200\" height=\"200\" src=\"https:\/\/www.sosw.elblag.com.pl\/wp-content\/uploads\/2015\/11\/31.-Otwarcie-punktu-przedszkolnego-200x200.jpg\" class=\"attachment-thumbnail size-thumbnail\" alt=\"\" \/><\/a>\n\t\t\t<\/dt><\/dl><dl class='gallery-item'>\n\t\t\t<dt class='gallery-icon landscape'>\n\t\t\t\t<a title=\"32. Otwarcie punktu przedszkolnego\" href='https:\/\/www.sosw.elblag.com.pl\/wp-content\/uploads\/2015\/11\/32.-Otwarcie-punktu-przedszkolnego.jpg'><img loading=\"lazy\" decoding=\"async\" width=\"200\" height=\"200\" src=\"https:\/\/www.sosw.elblag.com.pl\/wp-content\/uploads\/2015\/11\/32.-Otwarcie-punktu-przedszkolnego-200x200.jpg\" class=\"attachment-thumbnail size-thumbnail\" alt=\"\" \/><\/a>\n\t\t\t<\/dt><\/dl><dl class='gallery-item'>\n\t\t\t<dt class='gallery-icon landscape'>\n\t\t\t\t<a title=\"33. Otwarcie punktu przedszkolnego\" href='https:\/\/www.sosw.elblag.com.pl\/wp-content\/uploads\/2015\/11\/33.-Otwarcie-punktu-przedszkolnego.jpg'><img loading=\"lazy\" decoding=\"async\" width=\"200\" height=\"200\" src=\"https:\/\/www.sosw.elblag.com.pl\/wp-content\/uploads\/2015\/11\/33.-Otwarcie-punktu-przedszkolnego-200x200.jpg\" class=\"attachment-thumbnail size-thumbnail\" alt=\"\" \/><\/a>\n\t\t\t<\/dt><\/dl><dl class='gallery-item'>\n\t\t\t<dt class='gallery-icon landscape'>\n\t\t\t\t<a title=\"34. Otwarcie punktu przedszkolnego\" href='https:\/\/www.sosw.elblag.com.pl\/wp-content\/uploads\/2015\/11\/34.-Otwarcie-punktu-przedszkolnego.jpg'><img loading=\"lazy\" decoding=\"async\" width=\"200\" height=\"200\" src=\"https:\/\/www.sosw.elblag.com.pl\/wp-content\/uploads\/2015\/11\/34.-Otwarcie-punktu-przedszkolnego-200x200.jpg\" class=\"attachment-thumbnail size-thumbnail\" alt=\"\" \/><\/a>\n\t\t\t<\/dt><\/dl><dl class='gallery-item'>\n\t\t\t<dt class='gallery-icon portrait'>\n\t\t\t\t<a title=\"35. Otwarcie punktu przedszkolnego\" href='https:\/\/www.sosw.elblag.com.pl\/wp-content\/uploads\/2015\/11\/35.-Otwarcie-punktu-przedszkolnego.jpg'><img loading=\"lazy\" decoding=\"async\" width=\"200\" height=\"200\" src=\"https:\/\/www.sosw.elblag.com.pl\/wp-content\/uploads\/2015\/11\/35.-Otwarcie-punktu-przedszkolnego-200x200.jpg\" class=\"attachment-thumbnail size-thumbnail\" alt=\"\" \/><\/a>\n\t\t\t<\/dt><\/dl><br style=\"clear: both\" \/>\n\t\t<\/div>\n\n","protected":false},"excerpt":{"rendered":"<p>Dzisiaj uroczy\u015bcie otworzyli\u015bmy punkt przedszkolny. Byli znakomici go\u015bcie, wyj\u0105tkowy tort, \u0142zy wzruszenia, ogromne emocje. To podsumowanie szczeg\u00f3lnie wa\u017cnego etapu w \u017cyciu o\u015brodka, <a class=\"more-link\" href=\"https:\/\/www.sosw.elblag.com.pl\/index.php\/2015\/11\/03\/otwarcie-punktu-przedszkolnego\/\">Czytaj dalej&#8230;<\/a><\/p>\n","protected":false},"author":1,"featured_media":1653,"comment_status":"closed","ping_status":"closed","sticky":false,"template":"","format":"standard","meta":{"footnotes":""},"categories":[6],"tags":[],"class_list":["post-1625","post","type-post","status-publish","format-standard","has-post-thumbnail","hentry","category-punkt-przedszkolny-20152016"],"_links":{"self":[{"href":"https:\/\/www.sosw.elblag.com.pl\/index.php\/wp-json\/wp\/v2\/posts\/1625","targetHints":{"allow":["GET"]}}],"collection":[{"href":"https:\/\/www.sosw.elblag.com.pl\/index.php\/wp-json\/wp\/v2\/posts"}],"about":[{"href":"https:\/\/www.sosw.elblag.com.pl\/index.php\/wp-json\/wp\/v2\/types\/post"}],"author":[{"embeddable":true,"href":"https:\/\/www.sosw.elblag.com.pl\/index.php\/wp-json\/wp\/v2\/users\/1"}],"replies":[{"embeddable":true,"href":"https:\/\/www.sosw.elblag.com.pl\/index.php\/wp-json\/wp\/v2\/comments?post=1625"}],"version-history":[{"count":1,"href":"https:\/\/www.sosw.elblag.com.pl\/index.php\/wp-json\/wp\/v2\/posts\/1625\/revisions"}],"predecessor-version":[{"id":1661,"href":"https:\/\/www.sosw.elblag.com.pl\/index.php\/wp-json\/wp\/v2\/posts\/1625\/revisions\/1661"}],"wp:featuredmedia":[{"embeddable":true,"href":"https:\/\/www.sosw.elblag.com.pl\/index.php\/wp-json\/wp\/v2\/media\/1653"}],"wp:attachment":[{"href":"https:\/\/www.sosw.elblag.com.pl\/index.php\/wp-json\/wp\/v2\/media?parent=1625"}],"wp:term":[{"taxonomy":"category","embeddable":true,"href":"https:\/\/www.sosw.elblag.com.pl\/index.php\/wp-json\/wp\/v2\/categories?post=1625"},{"taxonomy":"post_tag","embeddable":true,"href":"https:\/\/www.sosw.elblag.com.pl\/index.php\/wp-json\/wp\/v2\/tags?post=1625"}],"curies":[{"name":"wp","href":"https:\/\/api.w.org\/{rel}","templated":true}]}}