{"id":1619,"date":"2015-11-03T15:32:24","date_gmt":"2015-11-03T14:32:24","guid":{"rendered":"http:\/\/www.sosw.elblag.com.pl\/?p=1619"},"modified":"2015-11-03T15:32:24","modified_gmt":"2015-11-03T14:32:24","slug":"190-rocznica-urodzin-slawnego-kompozytora-johanna-straussa","status":"publish","type":"post","link":"https:\/\/www.sosw.elblag.com.pl\/index.php\/2015\/11\/03\/190-rocznica-urodzin-slawnego-kompozytora-johanna-straussa\/","title":{"rendered":"190 rocznica urodzin s\u0142awnego kompozytora Johanna Straussa"},"content":{"rendered":"<p style=\"text-align: justify;\">26 pa\u017adziernika uczcili\u015bmy 190 rocznic\u0119 urodzin s\u0142awnego kompozytora Johanna Straussa. Podczas przerw mi\u0119dzylekcyjnych, na korytarzu przy bibliotece szkolnej rozbrzmiewa\u0142a muzyka \u201enajwi\u0119kszego kr\u00f3la walca\u201d. By\u0142 r\u00f3wnie\u017c filmowy pokaz instrukta\u017cowy podstawowych krok\u00f3w tanecznych oraz pokaz wyst\u0119p\u00f3w zawodowych par tanecznych perfekcyjnie i pi\u0119knie wiruj\u0105cych w rytmie \u201eWalca cesarskiego\u201d. Spotkaniom muzycznym towarzyszy\u0142a \u00a0wystawa przybli\u017caj\u0105ca \u017cycie i tw\u00f3rczo\u015b\u0107 kompozytora oraz histori\u0119 najbardziej eleganckiego ta\u0144ca standardowego, jakim jest walc. \u00a0Propozycja\u00a0 sp\u0119dzenia\u00a0 przerw w rytmie\u00a0 \u201ena \u00be \u201e wzbudzi\u0142a \u00a0szczere zainteresowanie. Znale\u017ali si\u0119 nawet tacy, kt\u00f3rzy pr\u00f3bowali swych si\u0142 pl\u0105saj\u0105c w takt porywaj\u0105cej muzyki Johanna Straussa.<\/p>\n<p>Organizatorki:<br \/>\nDorota Szablewska<br \/>\nJolanta Pruszak<\/p>\n\n\t\t<style type=\"text\/css\">\n\t\t\t#gallery-1 {\n\t\t\t\tmargin: auto;\n\t\t\t}\n\t\t\t#gallery-1 .gallery-item {\n\t\t\t\tfloat: left;\n\t\t\t\tmargin-top: 10px;\n\t\t\t\ttext-align: center;\n\t\t\t\twidth: 50%;\n\t\t\t}\n\t\t\t#gallery-1 img {\n\t\t\t\tborder: 2px solid #cfcfcf;\n\t\t\t}\n\t\t\t#gallery-1 .gallery-caption {\n\t\t\t\tmargin-left: 0;\n\t\t\t}\n\t\t\t\/* see gallery_shortcode() in wp-includes\/media.php *\/\n\t\t<\/style>\n\t\t<div id='gallery-1' class='gallery galleryid-1619 gallery-columns-2 gallery-size-thumbnail'><dl class='gallery-item'>\n\t\t\t<dt class='gallery-icon landscape'>\n\t\t\t\t<a title=\"4. 190 rocznica urodzin s\u0142awnego kompozytora Johanna Straussa\" href='https:\/\/www.sosw.elblag.com.pl\/wp-content\/uploads\/2015\/11\/4.-190-rocznica-urodzin-s\u0142awnego-kompozytora-Johanna-Straussa.jpg'><img loading=\"lazy\" decoding=\"async\" width=\"200\" height=\"200\" src=\"https:\/\/www.sosw.elblag.com.pl\/wp-content\/uploads\/2015\/11\/4.-190-rocznica-urodzin-s\u0142awnego-kompozytora-Johanna-Straussa-200x200.jpg\" class=\"attachment-thumbnail size-thumbnail\" alt=\"\" \/><\/a>\n\t\t\t<\/dt><\/dl><dl class='gallery-item'>\n\t\t\t<dt class='gallery-icon landscape'>\n\t\t\t\t<a title=\"3. 190 rocznica urodzin s\u0142awnego kompozytora Johanna Straussa\" href='https:\/\/www.sosw.elblag.com.pl\/wp-content\/uploads\/2015\/11\/3.-190-rocznica-urodzin-s\u0142awnego-kompozytora-Johanna-Straussa.jpg'><img loading=\"lazy\" decoding=\"async\" width=\"200\" height=\"200\" src=\"https:\/\/www.sosw.elblag.com.pl\/wp-content\/uploads\/2015\/11\/3.-190-rocznica-urodzin-s\u0142awnego-kompozytora-Johanna-Straussa-200x200.jpg\" class=\"attachment-thumbnail size-thumbnail\" alt=\"\" \/><\/a>\n\t\t\t<\/dt><\/dl><br style=\"clear: both\" \/><dl class='gallery-item'>\n\t\t\t<dt class='gallery-icon landscape'>\n\t\t\t\t<a title=\"2. 190 rocznica urodzin s\u0142awnego kompozytora Johanna Straussa\" href='https:\/\/www.sosw.elblag.com.pl\/wp-content\/uploads\/2015\/11\/2.-190-rocznica-urodzin-s\u0142awnego-kompozytora-Johanna-Straussa.jpg'><img loading=\"lazy\" decoding=\"async\" width=\"200\" height=\"200\" src=\"https:\/\/www.sosw.elblag.com.pl\/wp-content\/uploads\/2015\/11\/2.-190-rocznica-urodzin-s\u0142awnego-kompozytora-Johanna-Straussa-200x200.jpg\" class=\"attachment-thumbnail size-thumbnail\" alt=\"\" \/><\/a>\n\t\t\t<\/dt><\/dl><dl class='gallery-item'>\n\t\t\t<dt class='gallery-icon landscape'>\n\t\t\t\t<a title=\"1. 190 rocznica urodzin s\u0142awnego kompozytora Johanna Straussa\" href='https:\/\/www.sosw.elblag.com.pl\/wp-content\/uploads\/2015\/11\/1.-190-rocznica-urodzin-s\u0142awnego-kompozytora-Johanna-Straussa.jpg'><img loading=\"lazy\" decoding=\"async\" width=\"200\" height=\"200\" src=\"https:\/\/www.sosw.elblag.com.pl\/wp-content\/uploads\/2015\/11\/1.-190-rocznica-urodzin-s\u0142awnego-kompozytora-Johanna-Straussa-200x200.jpg\" class=\"attachment-thumbnail size-thumbnail\" alt=\"\" \/><\/a>\n\t\t\t<\/dt><\/dl><br style=\"clear: both\" \/>\n\t\t<\/div>\n\n","protected":false},"excerpt":{"rendered":"<p>26 pa\u017adziernika uczcili\u015bmy 190 rocznic\u0119 urodzin s\u0142awnego kompozytora Johanna Straussa. Podczas przerw mi\u0119dzylekcyjnych, na korytarzu przy bibliotece szkolnej rozbrzmiewa\u0142a muzyka \u201enajwi\u0119kszego kr\u00f3la <a class=\"more-link\" href=\"https:\/\/www.sosw.elblag.com.pl\/index.php\/2015\/11\/03\/190-rocznica-urodzin-slawnego-kompozytora-johanna-straussa\/\">Czytaj dalej&#8230;<\/a><\/p>\n","protected":false},"author":1,"featured_media":1622,"comment_status":"closed","ping_status":"closed","sticky":false,"template":"","format":"standard","meta":{"footnotes":""},"categories":[10,3],"tags":[],"class_list":["post-1619","post","type-post","status-publish","format-standard","has-post-thumbnail","hentry","category-dzialania-biblioteki","category-z-zycia-osrodka"],"_links":{"self":[{"href":"https:\/\/www.sosw.elblag.com.pl\/index.php\/wp-json\/wp\/v2\/posts\/1619","targetHints":{"allow":["GET"]}}],"collection":[{"href":"https:\/\/www.sosw.elblag.com.pl\/index.php\/wp-json\/wp\/v2\/posts"}],"about":[{"href":"https:\/\/www.sosw.elblag.com.pl\/index.php\/wp-json\/wp\/v2\/types\/post"}],"author":[{"embeddable":true,"href":"https:\/\/www.sosw.elblag.com.pl\/index.php\/wp-json\/wp\/v2\/users\/1"}],"replies":[{"embeddable":true,"href":"https:\/\/www.sosw.elblag.com.pl\/index.php\/wp-json\/wp\/v2\/comments?post=1619"}],"version-history":[{"count":1,"href":"https:\/\/www.sosw.elblag.com.pl\/index.php\/wp-json\/wp\/v2\/posts\/1619\/revisions"}],"predecessor-version":[{"id":1624,"href":"https:\/\/www.sosw.elblag.com.pl\/index.php\/wp-json\/wp\/v2\/posts\/1619\/revisions\/1624"}],"wp:featuredmedia":[{"embeddable":true,"href":"https:\/\/www.sosw.elblag.com.pl\/index.php\/wp-json\/wp\/v2\/media\/1622"}],"wp:attachment":[{"href":"https:\/\/www.sosw.elblag.com.pl\/index.php\/wp-json\/wp\/v2\/media?parent=1619"}],"wp:term":[{"taxonomy":"category","embeddable":true,"href":"https:\/\/www.sosw.elblag.com.pl\/index.php\/wp-json\/wp\/v2\/categories?post=1619"},{"taxonomy":"post_tag","embeddable":true,"href":"https:\/\/www.sosw.elblag.com.pl\/index.php\/wp-json\/wp\/v2\/tags?post=1619"}],"curies":[{"name":"wp","href":"https:\/\/api.w.org\/{rel}","templated":true}]}}