{"id":1604,"date":"2015-11-01T13:20:23","date_gmt":"2015-11-01T12:20:23","guid":{"rendered":"http:\/\/www.sosw.elblag.com.pl\/?p=1604"},"modified":"2015-11-01T13:20:23","modified_gmt":"2015-11-01T12:20:23","slug":"swietujemy-dzien-jablka","status":"publish","type":"post","link":"https:\/\/www.sosw.elblag.com.pl\/index.php\/2015\/11\/01\/swietujemy-dzien-jablka\/","title":{"rendered":"\u015awi\u0119tujemy Dzie\u0144 jab\u0142ka"},"content":{"rendered":"<p style=\"text-align: justify;\">30.X korytarz naszej szko\u0142y zape\u0142ni\u0142 si\u0119 ubranymi w kolor czerwony dzie\u0107mi. Wprawdzie<br \/>\nz op\u00f3\u017anieniem ale z ogromn\u0105 przyjemno\u015bci\u0105 grupa dzieci kl. I-III SP oraz zaproszone 4 i 5-latki z Przedszkola nr 23 obchodzi\u0142y \u201eDzie\u0144 jab\u0142ka\u201d. Mieli\u015bmy okazj\u0119 si\u0119 przekona\u0107, jak du\u017c\u0105 wiedz\u0119 maj\u0105 o tych owocach i\u00a0 jak wiele znaj\u0105 potraw z jab\u0142kiem w roli g\u0142\u00f3wnej. Dzieciaki wykaza\u0142y si\u0119 tak\u017ce ogromn\u0105 spostrzegawczo\u015bci\u0105 i aktywno\u015bci\u0105 fizyczn\u0105. Wcieli\u0142y si\u0119 m.in. w rol\u0119 kelner\u00f3w, mistrz\u00f3w celnego rzutu, a tak\u017ce \u201esadownik\u00f3w\u201d. Powsta\u0142y pi\u0119kne jab\u0142onie, kt\u00f3re zdobi\u0105c korytarz szkolny pozwoli\u0142y nam si\u0119 poczu\u0107 jak w prawdziwym sadzie. Atrakcj\u0105 spotkania by\u0142y r\u00f3wnie\u017c przepyszne ciasta i rogaliki z jab\u0142kami.\u00a0 Rozstali\u015bmy si\u0119 w dobrych humorach i na s\u0142odko.<\/p>\n<p>Organizatorki:<br \/>\nMagdalena Kowalczyk-Zielonka<br \/>\nBeata Maj<\/p>\n\n\t\t<style type=\"text\/css\">\n\t\t\t#gallery-1 {\n\t\t\t\tmargin: auto;\n\t\t\t}\n\t\t\t#gallery-1 .gallery-item {\n\t\t\t\tfloat: left;\n\t\t\t\tmargin-top: 10px;\n\t\t\t\ttext-align: center;\n\t\t\t\twidth: 50%;\n\t\t\t}\n\t\t\t#gallery-1 img {\n\t\t\t\tborder: 2px solid #cfcfcf;\n\t\t\t}\n\t\t\t#gallery-1 .gallery-caption {\n\t\t\t\tmargin-left: 0;\n\t\t\t}\n\t\t\t\/* see gallery_shortcode() in wp-includes\/media.php *\/\n\t\t<\/style>\n\t\t<div id='gallery-1' class='gallery galleryid-1604 gallery-columns-2 gallery-size-thumbnail'><dl class='gallery-item'>\n\t\t\t<dt class='gallery-icon landscape'>\n\t\t\t\t<a title=\"1. \u015awi\u0119tujemy Dzie\u0144 jab\u0142ka\" href='https:\/\/www.sosw.elblag.com.pl\/wp-content\/uploads\/2015\/11\/1.-\u015awi\u0119tujemy-Dzie\u0144-jab\u0142ka.jpg'><img loading=\"lazy\" decoding=\"async\" width=\"200\" height=\"200\" src=\"https:\/\/www.sosw.elblag.com.pl\/wp-content\/uploads\/2015\/11\/1.-\u015awi\u0119tujemy-Dzie\u0144-jab\u0142ka-200x200.jpg\" class=\"attachment-thumbnail size-thumbnail\" alt=\"\" \/><\/a>\n\t\t\t<\/dt><\/dl><dl class='gallery-item'>\n\t\t\t<dt class='gallery-icon landscape'>\n\t\t\t\t<a title=\"2. \u015awi\u0119tujemy Dzie\u0144 jab\u0142ka\" href='https:\/\/www.sosw.elblag.com.pl\/wp-content\/uploads\/2015\/11\/2.-\u015awi\u0119tujemy-Dzie\u0144-jab\u0142ka.jpg'><img loading=\"lazy\" decoding=\"async\" width=\"200\" height=\"200\" src=\"https:\/\/www.sosw.elblag.com.pl\/wp-content\/uploads\/2015\/11\/2.-\u015awi\u0119tujemy-Dzie\u0144-jab\u0142ka-200x200.jpg\" class=\"attachment-thumbnail size-thumbnail\" alt=\"\" \/><\/a>\n\t\t\t<\/dt><\/dl><br style=\"clear: both\" \/><dl class='gallery-item'>\n\t\t\t<dt class='gallery-icon landscape'>\n\t\t\t\t<a title=\"3. \u015awi\u0119tujemy Dzie\u0144 jab\u0142ka\" href='https:\/\/www.sosw.elblag.com.pl\/wp-content\/uploads\/2015\/11\/3.-\u015awi\u0119tujemy-Dzie\u0144-jab\u0142ka.jpg'><img loading=\"lazy\" decoding=\"async\" width=\"200\" height=\"200\" src=\"https:\/\/www.sosw.elblag.com.pl\/wp-content\/uploads\/2015\/11\/3.-\u015awi\u0119tujemy-Dzie\u0144-jab\u0142ka-200x200.jpg\" class=\"attachment-thumbnail size-thumbnail\" alt=\"\" \/><\/a>\n\t\t\t<\/dt><\/dl><dl class='gallery-item'>\n\t\t\t<dt class='gallery-icon landscape'>\n\t\t\t\t<a title=\"4. \u015awi\u0119tujemy Dzie\u0144 jab\u0142ka\" href='https:\/\/www.sosw.elblag.com.pl\/wp-content\/uploads\/2015\/11\/4.-\u015awi\u0119tujemy-Dzie\u0144-jab\u0142ka.jpg'><img loading=\"lazy\" decoding=\"async\" width=\"200\" height=\"200\" src=\"https:\/\/www.sosw.elblag.com.pl\/wp-content\/uploads\/2015\/11\/4.-\u015awi\u0119tujemy-Dzie\u0144-jab\u0142ka-200x200.jpg\" class=\"attachment-thumbnail size-thumbnail\" alt=\"\" \/><\/a>\n\t\t\t<\/dt><\/dl><br style=\"clear: both\" \/><dl class='gallery-item'>\n\t\t\t<dt class='gallery-icon landscape'>\n\t\t\t\t<a title=\"5. \u015awi\u0119tujemy Dzie\u0144 jab\u0142ka\" href='https:\/\/www.sosw.elblag.com.pl\/wp-content\/uploads\/2015\/11\/5.-\u015awi\u0119tujemy-Dzie\u0144-jab\u0142ka.jpg'><img loading=\"lazy\" decoding=\"async\" width=\"200\" height=\"200\" src=\"https:\/\/www.sosw.elblag.com.pl\/wp-content\/uploads\/2015\/11\/5.-\u015awi\u0119tujemy-Dzie\u0144-jab\u0142ka-200x200.jpg\" class=\"attachment-thumbnail size-thumbnail\" alt=\"\" \/><\/a>\n\t\t\t<\/dt><\/dl><dl class='gallery-item'>\n\t\t\t<dt class='gallery-icon portrait'>\n\t\t\t\t<a title=\"6. \u015awi\u0119tujemy Dzie\u0144 jab\u0142ka\" href='https:\/\/www.sosw.elblag.com.pl\/wp-content\/uploads\/2015\/11\/6.-\u015awi\u0119tujemy-Dzie\u0144-jab\u0142ka.jpg'><img loading=\"lazy\" decoding=\"async\" width=\"200\" height=\"200\" src=\"https:\/\/www.sosw.elblag.com.pl\/wp-content\/uploads\/2015\/11\/6.-\u015awi\u0119tujemy-Dzie\u0144-jab\u0142ka-200x200.jpg\" class=\"attachment-thumbnail size-thumbnail\" alt=\"\" \/><\/a>\n\t\t\t<\/dt><\/dl><br style=\"clear: both\" \/><dl class='gallery-item'>\n\t\t\t<dt class='gallery-icon landscape'>\n\t\t\t\t<a title=\"7. \u015awi\u0119tujemy Dzie\u0144 jab\u0142ka\" href='https:\/\/www.sosw.elblag.com.pl\/wp-content\/uploads\/2015\/11\/7.-\u015awi\u0119tujemy-Dzie\u0144-jab\u0142ka.jpg'><img loading=\"lazy\" decoding=\"async\" width=\"200\" height=\"200\" src=\"https:\/\/www.sosw.elblag.com.pl\/wp-content\/uploads\/2015\/11\/7.-\u015awi\u0119tujemy-Dzie\u0144-jab\u0142ka-200x200.jpg\" class=\"attachment-thumbnail size-thumbnail\" alt=\"\" \/><\/a>\n\t\t\t<\/dt><\/dl>\n\t\t\t<br style='clear: both' \/>\n\t\t<\/div>\n\n","protected":false},"excerpt":{"rendered":"<p>30.X korytarz naszej szko\u0142y zape\u0142ni\u0142 si\u0119 ubranymi w kolor czerwony dzie\u0107mi. Wprawdzie z op\u00f3\u017anieniem ale z ogromn\u0105 przyjemno\u015bci\u0105 grupa dzieci kl. I-III <a class=\"more-link\" href=\"https:\/\/www.sosw.elblag.com.pl\/index.php\/2015\/11\/01\/swietujemy-dzien-jablka\/\">Czytaj dalej&#8230;<\/a><\/p>\n","protected":false},"author":1,"featured_media":1606,"comment_status":"closed","ping_status":"closed","sticky":false,"template":"","format":"standard","meta":{"footnotes":""},"categories":[3],"tags":[],"class_list":["post-1604","post","type-post","status-publish","format-standard","has-post-thumbnail","hentry","category-z-zycia-osrodka"],"_links":{"self":[{"href":"https:\/\/www.sosw.elblag.com.pl\/index.php\/wp-json\/wp\/v2\/posts\/1604","targetHints":{"allow":["GET"]}}],"collection":[{"href":"https:\/\/www.sosw.elblag.com.pl\/index.php\/wp-json\/wp\/v2\/posts"}],"about":[{"href":"https:\/\/www.sosw.elblag.com.pl\/index.php\/wp-json\/wp\/v2\/types\/post"}],"author":[{"embeddable":true,"href":"https:\/\/www.sosw.elblag.com.pl\/index.php\/wp-json\/wp\/v2\/users\/1"}],"replies":[{"embeddable":true,"href":"https:\/\/www.sosw.elblag.com.pl\/index.php\/wp-json\/wp\/v2\/comments?post=1604"}],"version-history":[{"count":1,"href":"https:\/\/www.sosw.elblag.com.pl\/index.php\/wp-json\/wp\/v2\/posts\/1604\/revisions"}],"predecessor-version":[{"id":1612,"href":"https:\/\/www.sosw.elblag.com.pl\/index.php\/wp-json\/wp\/v2\/posts\/1604\/revisions\/1612"}],"wp:featuredmedia":[{"embeddable":true,"href":"https:\/\/www.sosw.elblag.com.pl\/index.php\/wp-json\/wp\/v2\/media\/1606"}],"wp:attachment":[{"href":"https:\/\/www.sosw.elblag.com.pl\/index.php\/wp-json\/wp\/v2\/media?parent=1604"}],"wp:term":[{"taxonomy":"category","embeddable":true,"href":"https:\/\/www.sosw.elblag.com.pl\/index.php\/wp-json\/wp\/v2\/categories?post=1604"},{"taxonomy":"post_tag","embeddable":true,"href":"https:\/\/www.sosw.elblag.com.pl\/index.php\/wp-json\/wp\/v2\/tags?post=1604"}],"curies":[{"name":"wp","href":"https:\/\/api.w.org\/{rel}","templated":true}]}}