{"id":1502,"date":"2015-10-29T16:17:35","date_gmt":"2015-10-29T15:17:35","guid":{"rendered":"http:\/\/www.sosw.elblag.com.pl\/?p=1502"},"modified":"2015-10-29T17:09:03","modified_gmt":"2015-10-29T16:09:03","slug":"v-wojewodzki-konkurs-piosenki-religijnej-w-ostrudzie","status":"publish","type":"post","link":"https:\/\/www.sosw.elblag.com.pl\/index.php\/2015\/10\/29\/v-wojewodzki-konkurs-piosenki-religijnej-w-ostrudzie\/","title":{"rendered":"V Wojew\u00f3dzki Konkurs Piosenki Religijnej w Ostr\u00f3dzie"},"content":{"rendered":"<p style=\"text-align: justify;\">Dzi\u015b 29 pa\u017adziernika w Ostr\u00f3dzkim zamku odby\u0142 si\u0119 V Wojew\u00f3dzki Konkurs Piosenki Religijnej. Byli\u015bmy z niesamowicie zdoln\u0105 grup\u0105 prowadzon\u0105 przez Pana Tomasza Wasiukiewicza. W doborowym towarzystwie a\u017c 15 zespo\u0142\u00f3w z ca\u0142ego wojew\u00f3dztwa nie byli\u015bmy kopciuszkami i opr\u00f3cz ciekawie sp\u0119dzonego czasu zdobyli\u015bmy cenne trofea.<\/p>\n<p style=\"text-align: justify;\">Jan Zgiep<\/p>\n\n\t\t<style type=\"text\/css\">\n\t\t\t#gallery-1 {\n\t\t\t\tmargin: auto;\n\t\t\t}\n\t\t\t#gallery-1 .gallery-item {\n\t\t\t\tfloat: left;\n\t\t\t\tmargin-top: 10px;\n\t\t\t\ttext-align: center;\n\t\t\t\twidth: 33%;\n\t\t\t}\n\t\t\t#gallery-1 img {\n\t\t\t\tborder: 2px solid #cfcfcf;\n\t\t\t}\n\t\t\t#gallery-1 .gallery-caption {\n\t\t\t\tmargin-left: 0;\n\t\t\t}\n\t\t\t\/* see gallery_shortcode() in wp-includes\/media.php *\/\n\t\t<\/style>\n\t\t<div id='gallery-1' class='gallery galleryid-1502 gallery-columns-3 gallery-size-thumbnail'><dl class='gallery-item'>\n\t\t\t<dt class='gallery-icon landscape'>\n\t\t\t\t<a title=\"1. V Wojew\u00f3dzki Konkurs Piosenki Religijnej w Ostr\u00f3dzie\" href='https:\/\/www.sosw.elblag.com.pl\/wp-content\/uploads\/2015\/10\/1.-V-Wojew\u00f3dzki-Konkurs-Piosenki-Religijnej-w-Ostr\u00f3dzie.jpg'><img loading=\"lazy\" decoding=\"async\" width=\"200\" height=\"200\" src=\"https:\/\/www.sosw.elblag.com.pl\/wp-content\/uploads\/2015\/10\/1.-V-Wojew\u00f3dzki-Konkurs-Piosenki-Religijnej-w-Ostr\u00f3dzie-200x200.jpg\" class=\"attachment-thumbnail size-thumbnail\" alt=\"\" \/><\/a>\n\t\t\t<\/dt><\/dl><dl class='gallery-item'>\n\t\t\t<dt class='gallery-icon landscape'>\n\t\t\t\t<a title=\"2. V Wojew\u00f3dzki Konkurs Piosenki Religijnej w Ostr\u00f3dzie\" href='https:\/\/www.sosw.elblag.com.pl\/wp-content\/uploads\/2015\/10\/2.-V-Wojew\u00f3dzki-Konkurs-Piosenki-Religijnej-w-Ostr\u00f3dzie.jpg'><img loading=\"lazy\" decoding=\"async\" width=\"200\" height=\"200\" src=\"https:\/\/www.sosw.elblag.com.pl\/wp-content\/uploads\/2015\/10\/2.-V-Wojew\u00f3dzki-Konkurs-Piosenki-Religijnej-w-Ostr\u00f3dzie-200x200.jpg\" class=\"attachment-thumbnail size-thumbnail\" alt=\"\" \/><\/a>\n\t\t\t<\/dt><\/dl><dl class='gallery-item'>\n\t\t\t<dt class='gallery-icon landscape'>\n\t\t\t\t<a title=\"3. V Wojew\u00f3dzki Konkurs Piosenki Religijnej w Ostr\u00f3dzie\" href='https:\/\/www.sosw.elblag.com.pl\/wp-content\/uploads\/2015\/10\/3.-V-Wojew\u00f3dzki-Konkurs-Piosenki-Religijnej-w-Ostr\u00f3dzie.jpg'><img loading=\"lazy\" decoding=\"async\" width=\"200\" height=\"200\" src=\"https:\/\/www.sosw.elblag.com.pl\/wp-content\/uploads\/2015\/10\/3.-V-Wojew\u00f3dzki-Konkurs-Piosenki-Religijnej-w-Ostr\u00f3dzie-200x200.jpg\" class=\"attachment-thumbnail size-thumbnail\" alt=\"\" \/><\/a>\n\t\t\t<\/dt><\/dl><br style=\"clear: both\" \/><dl class='gallery-item'>\n\t\t\t<dt class='gallery-icon landscape'>\n\t\t\t\t<a title=\"4. V Wojew\u00f3dzki Konkurs Piosenki Religijnej w Ostr\u00f3dzie\" href='https:\/\/www.sosw.elblag.com.pl\/wp-content\/uploads\/2015\/10\/4.-V-Wojew\u00f3dzki-Konkurs-Piosenki-Religijnej-w-Ostr\u00f3dzie.jpg'><img loading=\"lazy\" decoding=\"async\" width=\"200\" height=\"200\" src=\"https:\/\/www.sosw.elblag.com.pl\/wp-content\/uploads\/2015\/10\/4.-V-Wojew\u00f3dzki-Konkurs-Piosenki-Religijnej-w-Ostr\u00f3dzie-200x200.jpg\" class=\"attachment-thumbnail size-thumbnail\" alt=\"\" \/><\/a>\n\t\t\t<\/dt><\/dl><dl class='gallery-item'>\n\t\t\t<dt class='gallery-icon landscape'>\n\t\t\t\t<a title=\"5. V Wojew\u00f3dzki Konkurs Piosenki Religijnej w Ostr\u00f3dzie\" href='https:\/\/www.sosw.elblag.com.pl\/wp-content\/uploads\/2015\/10\/5.-V-Wojew\u00f3dzki-Konkurs-Piosenki-Religijnej-w-Ostr\u00f3dzie.jpg'><img loading=\"lazy\" decoding=\"async\" width=\"200\" height=\"200\" src=\"https:\/\/www.sosw.elblag.com.pl\/wp-content\/uploads\/2015\/10\/5.-V-Wojew\u00f3dzki-Konkurs-Piosenki-Religijnej-w-Ostr\u00f3dzie-200x200.jpg\" class=\"attachment-thumbnail size-thumbnail\" alt=\"\" \/><\/a>\n\t\t\t<\/dt><\/dl><dl class='gallery-item'>\n\t\t\t<dt class='gallery-icon landscape'>\n\t\t\t\t<a title=\"6 .V Wojew\u00f3dzki Konkurs Piosenki Religijnej w Ostr\u00f3dzie\" href='https:\/\/www.sosw.elblag.com.pl\/wp-content\/uploads\/2015\/10\/6-.V-Wojew\u00f3dzki-Konkurs-Piosenki-Religijnej-w-Ostr\u00f3dzie.jpg'><img loading=\"lazy\" decoding=\"async\" width=\"200\" height=\"200\" src=\"https:\/\/www.sosw.elblag.com.pl\/wp-content\/uploads\/2015\/10\/6-.V-Wojew\u00f3dzki-Konkurs-Piosenki-Religijnej-w-Ostr\u00f3dzie-200x200.jpg\" class=\"attachment-thumbnail size-thumbnail\" alt=\"\" \/><\/a>\n\t\t\t<\/dt><\/dl><br style=\"clear: both\" \/><dl class='gallery-item'>\n\t\t\t<dt class='gallery-icon landscape'>\n\t\t\t\t<a title=\"7. V Wojew\u00f3dzki Konkurs Piosenki Religijnej w Ostr\u00f3dzie\" href='https:\/\/www.sosw.elblag.com.pl\/wp-content\/uploads\/2015\/10\/7.-V-Wojew\u00f3dzki-Konkurs-Piosenki-Religijnej-w-Ostr\u00f3dzie.jpg'><img loading=\"lazy\" decoding=\"async\" width=\"200\" height=\"200\" src=\"https:\/\/www.sosw.elblag.com.pl\/wp-content\/uploads\/2015\/10\/7.-V-Wojew\u00f3dzki-Konkurs-Piosenki-Religijnej-w-Ostr\u00f3dzie-200x200.jpg\" class=\"attachment-thumbnail size-thumbnail\" alt=\"\" \/><\/a>\n\t\t\t<\/dt><\/dl><dl class='gallery-item'>\n\t\t\t<dt class='gallery-icon landscape'>\n\t\t\t\t<a title=\"8. V Wojew\u00f3dzki Konkurs Piosenki Religijnej w Ostr\u00f3dzie\" href='https:\/\/www.sosw.elblag.com.pl\/wp-content\/uploads\/2015\/10\/8.-V-Wojew\u00f3dzki-Konkurs-Piosenki-Religijnej-w-Ostr\u00f3dzie.jpg'><img loading=\"lazy\" decoding=\"async\" width=\"200\" height=\"200\" src=\"https:\/\/www.sosw.elblag.com.pl\/wp-content\/uploads\/2015\/10\/8.-V-Wojew\u00f3dzki-Konkurs-Piosenki-Religijnej-w-Ostr\u00f3dzie-200x200.jpg\" class=\"attachment-thumbnail size-thumbnail\" alt=\"\" \/><\/a>\n\t\t\t<\/dt><\/dl><dl class='gallery-item'>\n\t\t\t<dt class='gallery-icon landscape'>\n\t\t\t\t<a title=\"9. V Wojew\u00f3dzki Konkurs Piosenki Religijnej w Ostr\u00f3dzie\" href='https:\/\/www.sosw.elblag.com.pl\/wp-content\/uploads\/2015\/10\/9.-V-Wojew\u00f3dzki-Konkurs-Piosenki-Religijnej-w-Ostr\u00f3dzie.jpg'><img loading=\"lazy\" decoding=\"async\" width=\"200\" height=\"200\" src=\"https:\/\/www.sosw.elblag.com.pl\/wp-content\/uploads\/2015\/10\/9.-V-Wojew\u00f3dzki-Konkurs-Piosenki-Religijnej-w-Ostr\u00f3dzie-200x200.jpg\" class=\"attachment-thumbnail size-thumbnail\" alt=\"\" \/><\/a>\n\t\t\t<\/dt><\/dl><br style=\"clear: both\" \/>\n\t\t<\/div>\n\n","protected":false},"excerpt":{"rendered":"<p>Dzi\u015b 29 pa\u017adziernika w Ostr\u00f3dzkim zamku odby\u0142 si\u0119 V Wojew\u00f3dzki Konkurs Piosenki Religijnej. Byli\u015bmy z niesamowicie zdoln\u0105 grup\u0105 prowadzon\u0105 przez Pana Tomasza <a class=\"more-link\" href=\"https:\/\/www.sosw.elblag.com.pl\/index.php\/2015\/10\/29\/v-wojewodzki-konkurs-piosenki-religijnej-w-ostrudzie\/\">Czytaj dalej&#8230;<\/a><\/p>\n","protected":false},"author":1,"featured_media":1520,"comment_status":"closed","ping_status":"closed","sticky":false,"template":"","format":"standard","meta":{"footnotes":""},"categories":[3],"tags":[],"class_list":["post-1502","post","type-post","status-publish","format-standard","has-post-thumbnail","hentry","category-z-zycia-osrodka"],"_links":{"self":[{"href":"https:\/\/www.sosw.elblag.com.pl\/index.php\/wp-json\/wp\/v2\/posts\/1502","targetHints":{"allow":["GET"]}}],"collection":[{"href":"https:\/\/www.sosw.elblag.com.pl\/index.php\/wp-json\/wp\/v2\/posts"}],"about":[{"href":"https:\/\/www.sosw.elblag.com.pl\/index.php\/wp-json\/wp\/v2\/types\/post"}],"author":[{"embeddable":true,"href":"https:\/\/www.sosw.elblag.com.pl\/index.php\/wp-json\/wp\/v2\/users\/1"}],"replies":[{"embeddable":true,"href":"https:\/\/www.sosw.elblag.com.pl\/index.php\/wp-json\/wp\/v2\/comments?post=1502"}],"version-history":[{"count":5,"href":"https:\/\/www.sosw.elblag.com.pl\/index.php\/wp-json\/wp\/v2\/posts\/1502\/revisions"}],"predecessor-version":[{"id":1525,"href":"https:\/\/www.sosw.elblag.com.pl\/index.php\/wp-json\/wp\/v2\/posts\/1502\/revisions\/1525"}],"wp:featuredmedia":[{"embeddable":true,"href":"https:\/\/www.sosw.elblag.com.pl\/index.php\/wp-json\/wp\/v2\/media\/1520"}],"wp:attachment":[{"href":"https:\/\/www.sosw.elblag.com.pl\/index.php\/wp-json\/wp\/v2\/media?parent=1502"}],"wp:term":[{"taxonomy":"category","embeddable":true,"href":"https:\/\/www.sosw.elblag.com.pl\/index.php\/wp-json\/wp\/v2\/categories?post=1502"},{"taxonomy":"post_tag","embeddable":true,"href":"https:\/\/www.sosw.elblag.com.pl\/index.php\/wp-json\/wp\/v2\/tags?post=1502"}],"curies":[{"name":"wp","href":"https:\/\/api.w.org\/{rel}","templated":true}]}}