{"id":1475,"date":"2015-10-28T09:11:33","date_gmt":"2015-10-28T08:11:33","guid":{"rendered":"http:\/\/www.sosw.elblag.com.pl\/?p=1475"},"modified":"2015-11-04T10:21:03","modified_gmt":"2015-11-04T09:21:03","slug":"warsztaty-jesienne","status":"publish","type":"post","link":"https:\/\/www.sosw.elblag.com.pl\/index.php\/2015\/10\/28\/warsztaty-jesienne\/","title":{"rendered":"Warsztaty jesienne"},"content":{"rendered":"<p style=\"text-align: justify;\">W \u015bwietlicy szkolnej 27 pa\u017adziernika w godzinach popo\u0142udniowych odby\u0142o si\u0119 kolejne spotkanie integracyjne z rodzicami, opiekunami i dzie\u0107mi. Tym razem inspiracj\u0105 warsztat\u00f3w by\u0142a jesie\u0144. Uczestnicy, zaj\u0119cia rozpocz\u0119li od zabaw z chust\u0105 animacyjn\u0105, przy kt\u00f3rych by\u0142o wiele \u015bmiechu, rado\u015bci i odrobin\u0119 ruchu. Nast\u0119pnie wszystkim zosta\u0142o powierzone zadanie &#8211; wykonanie jesiennej ozdoby z dyni. Po sko\u0144czonej pracy nast\u0105pi\u0142 czas na zas\u0142u\u017cony odpoczynek. Na uczestnik\u00f3w czeka\u0142y pyszne gofry i owocowe soczki, przy kt\u00f3rych mi\u0142ym pogaw\u0119dkom nie by\u0142o ko\u0144ca.<\/p>\n<p style=\"text-align: justify;\">Dyrektor Leszek Iwa\u0144czuk<\/p>\n\n\t\t<style type=\"text\/css\">\n\t\t\t#gallery-1 {\n\t\t\t\tmargin: auto;\n\t\t\t}\n\t\t\t#gallery-1 .gallery-item {\n\t\t\t\tfloat: left;\n\t\t\t\tmargin-top: 10px;\n\t\t\t\ttext-align: center;\n\t\t\t\twidth: 50%;\n\t\t\t}\n\t\t\t#gallery-1 img {\n\t\t\t\tborder: 2px solid #cfcfcf;\n\t\t\t}\n\t\t\t#gallery-1 .gallery-caption {\n\t\t\t\tmargin-left: 0;\n\t\t\t}\n\t\t\t\/* see gallery_shortcode() in wp-includes\/media.php *\/\n\t\t<\/style>\n\t\t<div id='gallery-1' class='gallery galleryid-1475 gallery-columns-2 gallery-size-thumbnail'><dl class='gallery-item'>\n\t\t\t<dt class='gallery-icon landscape'>\n\t\t\t\t<a title=\"1. Warsztaty jesienne\" href='https:\/\/www.sosw.elblag.com.pl\/wp-content\/uploads\/2015\/10\/1.-Warsztaty-jesienne.jpg'><img loading=\"lazy\" decoding=\"async\" width=\"200\" height=\"200\" src=\"https:\/\/www.sosw.elblag.com.pl\/wp-content\/uploads\/2015\/10\/1.-Warsztaty-jesienne-200x200.jpg\" class=\"attachment-thumbnail size-thumbnail\" alt=\"\" \/><\/a>\n\t\t\t<\/dt><\/dl><dl class='gallery-item'>\n\t\t\t<dt class='gallery-icon landscape'>\n\t\t\t\t<a title=\"2. Warsztaty jesienne\" href='https:\/\/www.sosw.elblag.com.pl\/wp-content\/uploads\/2015\/10\/2.-Warsztaty-jesienne.jpg'><img loading=\"lazy\" decoding=\"async\" width=\"200\" height=\"200\" src=\"https:\/\/www.sosw.elblag.com.pl\/wp-content\/uploads\/2015\/10\/2.-Warsztaty-jesienne-200x200.jpg\" class=\"attachment-thumbnail size-thumbnail\" alt=\"\" \/><\/a>\n\t\t\t<\/dt><\/dl><br style=\"clear: both\" \/><dl class='gallery-item'>\n\t\t\t<dt class='gallery-icon landscape'>\n\t\t\t\t<a title=\"3. Warsztaty jesienne\" href='https:\/\/www.sosw.elblag.com.pl\/wp-content\/uploads\/2015\/10\/3.-Warsztaty-jesienne.jpg'><img loading=\"lazy\" decoding=\"async\" width=\"200\" height=\"200\" src=\"https:\/\/www.sosw.elblag.com.pl\/wp-content\/uploads\/2015\/10\/3.-Warsztaty-jesienne-200x200.jpg\" class=\"attachment-thumbnail size-thumbnail\" alt=\"\" \/><\/a>\n\t\t\t<\/dt><\/dl><dl class='gallery-item'>\n\t\t\t<dt class='gallery-icon landscape'>\n\t\t\t\t<a title=\"4. Warsztaty jesienne\" href='https:\/\/www.sosw.elblag.com.pl\/wp-content\/uploads\/2015\/10\/4.-Warsztaty-jesienne.jpg'><img loading=\"lazy\" decoding=\"async\" width=\"200\" height=\"200\" src=\"https:\/\/www.sosw.elblag.com.pl\/wp-content\/uploads\/2015\/10\/4.-Warsztaty-jesienne-200x200.jpg\" class=\"attachment-thumbnail size-thumbnail\" alt=\"\" \/><\/a>\n\t\t\t<\/dt><\/dl><br style=\"clear: both\" \/><dl class='gallery-item'>\n\t\t\t<dt class='gallery-icon landscape'>\n\t\t\t\t<a title=\"5. Warsztaty jesienne\" href='https:\/\/www.sosw.elblag.com.pl\/wp-content\/uploads\/2015\/10\/5.-Warsztaty-jesienne.jpg'><img loading=\"lazy\" decoding=\"async\" width=\"200\" height=\"200\" src=\"https:\/\/www.sosw.elblag.com.pl\/wp-content\/uploads\/2015\/10\/5.-Warsztaty-jesienne-200x200.jpg\" class=\"attachment-thumbnail size-thumbnail\" alt=\"\" \/><\/a>\n\t\t\t<\/dt><\/dl><dl class='gallery-item'>\n\t\t\t<dt class='gallery-icon landscape'>\n\t\t\t\t<a title=\"6. Warsztaty jesienne\" href='https:\/\/www.sosw.elblag.com.pl\/wp-content\/uploads\/2015\/10\/6.-Warsztaty-jesienne.jpg'><img loading=\"lazy\" decoding=\"async\" width=\"200\" height=\"200\" src=\"https:\/\/www.sosw.elblag.com.pl\/wp-content\/uploads\/2015\/10\/6.-Warsztaty-jesienne-200x200.jpg\" class=\"attachment-thumbnail size-thumbnail\" alt=\"\" \/><\/a>\n\t\t\t<\/dt><\/dl><br style=\"clear: both\" \/>\n\t\t<\/div>\n\n","protected":false},"excerpt":{"rendered":"<p>W \u015bwietlicy szkolnej 27 pa\u017adziernika w godzinach popo\u0142udniowych odby\u0142o si\u0119 kolejne spotkanie integracyjne z rodzicami, opiekunami i dzie\u0107mi. Tym razem inspiracj\u0105 warsztat\u00f3w <a class=\"more-link\" href=\"https:\/\/www.sosw.elblag.com.pl\/index.php\/2015\/10\/28\/warsztaty-jesienne\/\">Czytaj dalej&#8230;<\/a><\/p>\n","protected":false},"author":1,"featured_media":1478,"comment_status":"closed","ping_status":"closed","sticky":false,"template":"","format":"standard","meta":{"footnotes":""},"categories":[9,3],"tags":[],"class_list":["post-1475","post","type-post","status-publish","format-standard","has-post-thumbnail","hentry","category-szkola-przyjazna-srodowisku","category-z-zycia-osrodka"],"_links":{"self":[{"href":"https:\/\/www.sosw.elblag.com.pl\/index.php\/wp-json\/wp\/v2\/posts\/1475","targetHints":{"allow":["GET"]}}],"collection":[{"href":"https:\/\/www.sosw.elblag.com.pl\/index.php\/wp-json\/wp\/v2\/posts"}],"about":[{"href":"https:\/\/www.sosw.elblag.com.pl\/index.php\/wp-json\/wp\/v2\/types\/post"}],"author":[{"embeddable":true,"href":"https:\/\/www.sosw.elblag.com.pl\/index.php\/wp-json\/wp\/v2\/users\/1"}],"replies":[{"embeddable":true,"href":"https:\/\/www.sosw.elblag.com.pl\/index.php\/wp-json\/wp\/v2\/comments?post=1475"}],"version-history":[{"count":1,"href":"https:\/\/www.sosw.elblag.com.pl\/index.php\/wp-json\/wp\/v2\/posts\/1475\/revisions"}],"predecessor-version":[{"id":1482,"href":"https:\/\/www.sosw.elblag.com.pl\/index.php\/wp-json\/wp\/v2\/posts\/1475\/revisions\/1482"}],"wp:featuredmedia":[{"embeddable":true,"href":"https:\/\/www.sosw.elblag.com.pl\/index.php\/wp-json\/wp\/v2\/media\/1478"}],"wp:attachment":[{"href":"https:\/\/www.sosw.elblag.com.pl\/index.php\/wp-json\/wp\/v2\/media?parent=1475"}],"wp:term":[{"taxonomy":"category","embeddable":true,"href":"https:\/\/www.sosw.elblag.com.pl\/index.php\/wp-json\/wp\/v2\/categories?post=1475"},{"taxonomy":"post_tag","embeddable":true,"href":"https:\/\/www.sosw.elblag.com.pl\/index.php\/wp-json\/wp\/v2\/tags?post=1475"}],"curies":[{"name":"wp","href":"https:\/\/api.w.org\/{rel}","templated":true}]}}