{"id":1373,"date":"2015-10-22T19:08:31","date_gmt":"2015-10-22T17:08:31","guid":{"rendered":"http:\/\/www.sosw.elblag.com.pl\/?p=1373"},"modified":"2015-10-22T19:08:31","modified_gmt":"2015-10-22T17:08:31","slug":"nowe-horyzonty-edukacji-filmowej","status":"publish","type":"post","link":"https:\/\/www.sosw.elblag.com.pl\/index.php\/2015\/10\/22\/nowe-horyzonty-edukacji-filmowej\/","title":{"rendered":"Nowe Horyzonty Edukacji Filmowej"},"content":{"rendered":"<p style=\"text-align: justify;\">Nowe Horyzonty Edukacji Filmowej to odbywaj\u0105ce si\u0119 przez ca\u0142y rok szkolny projekcje kinowe dla uczni\u00f3w, realizowane w ramach cykli tematycznych, dostosowanych do wszystkich etap\u00f3w edukacyjnych. Ka\u017cdy pokaz poprzedza prelekcja multimedialna wprowadzaj\u0105ca uczestnik\u00f3w w tematy podejmowane w danym filmie. Ca\u0142y program NHEF jest zgodny z podstaw\u0105 programow\u0105 i rekomendowany przez MEN i Kuratoria O\u015bwiaty.<\/p>\n<p style=\"text-align: justify;\">Klasy IV\/Vb, VId, VIc SP, klasa I a gimnazjum oraz uczniowie z zespo\u0142\u00f3w edukacyjno- terapeutycznych gimnazjum i klas PdP uczestniczyli w pierwszym takim spotkaniu w tym<\/p>\n\n\t\t<style type=\"text\/css\">\n\t\t\t#gallery-1 {\n\t\t\t\tmargin: auto;\n\t\t\t}\n\t\t\t#gallery-1 .gallery-item {\n\t\t\t\tfloat: left;\n\t\t\t\tmargin-top: 10px;\n\t\t\t\ttext-align: center;\n\t\t\t\twidth: 50%;\n\t\t\t}\n\t\t\t#gallery-1 img {\n\t\t\t\tborder: 2px solid #cfcfcf;\n\t\t\t}\n\t\t\t#gallery-1 .gallery-caption {\n\t\t\t\tmargin-left: 0;\n\t\t\t}\n\t\t\t\/* see gallery_shortcode() in wp-includes\/media.php *\/\n\t\t<\/style>\n\t\t<div id='gallery-1' class='gallery galleryid-1373 gallery-columns-2 gallery-size-thumbnail'><dl class='gallery-item'>\n\t\t\t<dt class='gallery-icon landscape'>\n\t\t\t\t<a title=\"1. Nowe Horyzonty Edukacji Filmowej\" href='https:\/\/www.sosw.elblag.com.pl\/wp-content\/uploads\/2015\/10\/1.-Nowe-Horyzonty-Edukacji-Filmowej.jpg'><img loading=\"lazy\" decoding=\"async\" width=\"200\" height=\"200\" src=\"https:\/\/www.sosw.elblag.com.pl\/wp-content\/uploads\/2015\/10\/1.-Nowe-Horyzonty-Edukacji-Filmowej-200x200.jpg\" class=\"attachment-thumbnail size-thumbnail\" alt=\"\" \/><\/a>\n\t\t\t<\/dt><\/dl><dl class='gallery-item'>\n\t\t\t<dt class='gallery-icon landscape'>\n\t\t\t\t<a title=\"2. Nowe Horyzonty Edukacji Filmowej\" href='https:\/\/www.sosw.elblag.com.pl\/wp-content\/uploads\/2015\/10\/2.-Nowe-Horyzonty-Edukacji-Filmowej.jpg'><img loading=\"lazy\" decoding=\"async\" width=\"200\" height=\"200\" src=\"https:\/\/www.sosw.elblag.com.pl\/wp-content\/uploads\/2015\/10\/2.-Nowe-Horyzonty-Edukacji-Filmowej-200x200.jpg\" class=\"attachment-thumbnail size-thumbnail\" alt=\"\" \/><\/a>\n\t\t\t<\/dt><\/dl><br style=\"clear: both\" \/><dl class='gallery-item'>\n\t\t\t<dt class='gallery-icon landscape'>\n\t\t\t\t<a title=\"3. Nowe Horyzonty Edukacji Filmowej\" href='https:\/\/www.sosw.elblag.com.pl\/wp-content\/uploads\/2015\/10\/3.-Nowe-Horyzonty-Edukacji-Filmowej.jpg'><img loading=\"lazy\" decoding=\"async\" width=\"200\" height=\"200\" src=\"https:\/\/www.sosw.elblag.com.pl\/wp-content\/uploads\/2015\/10\/3.-Nowe-Horyzonty-Edukacji-Filmowej-200x200.jpg\" class=\"attachment-thumbnail size-thumbnail\" alt=\"\" \/><\/a>\n\t\t\t<\/dt><\/dl><dl class='gallery-item'>\n\t\t\t<dt class='gallery-icon landscape'>\n\t\t\t\t<a title=\"4. Nowe Horyzonty Edukacji Filmowej\" href='https:\/\/www.sosw.elblag.com.pl\/wp-content\/uploads\/2015\/10\/4.-Nowe-Horyzonty-Edukacji-Filmowej.jpg'><img loading=\"lazy\" decoding=\"async\" width=\"200\" height=\"200\" src=\"https:\/\/www.sosw.elblag.com.pl\/wp-content\/uploads\/2015\/10\/4.-Nowe-Horyzonty-Edukacji-Filmowej-200x200.jpg\" class=\"attachment-thumbnail size-thumbnail\" alt=\"\" \/><\/a>\n\t\t\t<\/dt><\/dl><br style=\"clear: both\" \/><dl class='gallery-item'>\n\t\t\t<dt class='gallery-icon landscape'>\n\t\t\t\t<a title=\"5. Nowe Horyzonty Edukacji Filmowej\" href='https:\/\/www.sosw.elblag.com.pl\/wp-content\/uploads\/2015\/10\/5.-Nowe-Horyzonty-Edukacji-Filmowej.jpg'><img loading=\"lazy\" decoding=\"async\" width=\"200\" height=\"200\" src=\"https:\/\/www.sosw.elblag.com.pl\/wp-content\/uploads\/2015\/10\/5.-Nowe-Horyzonty-Edukacji-Filmowej-200x200.jpg\" class=\"attachment-thumbnail size-thumbnail\" alt=\"\" \/><\/a>\n\t\t\t<\/dt><\/dl><dl class='gallery-item'>\n\t\t\t<dt class='gallery-icon landscape'>\n\t\t\t\t<a title=\"6. Nowe Horyzonty Edukacji Filmowej\" href='https:\/\/www.sosw.elblag.com.pl\/wp-content\/uploads\/2015\/10\/6.-Nowe-Horyzonty-Edukacji-Filmowej.jpg'><img loading=\"lazy\" decoding=\"async\" width=\"200\" height=\"200\" src=\"https:\/\/www.sosw.elblag.com.pl\/wp-content\/uploads\/2015\/10\/6.-Nowe-Horyzonty-Edukacji-Filmowej-200x200.jpg\" class=\"attachment-thumbnail size-thumbnail\" alt=\"\" \/><\/a>\n\t\t\t<\/dt><\/dl><br style=\"clear: both\" \/>\n\t\t<\/div>\n\n<p style=\"text-align: justify;\">roku szkolnym w\u00a0 kinie\u00a0 CSE \u201e\u015aWIATOWID\u201d.<\/p>\n<p style=\"text-align: justify;\">Film \u201eFelix\u201d, pierwszy z zaproponowanych, w re\u017cyserii R.Durrant, znanej w RPA producentki filmowej otrzyma\u0142 wiele nagr\u00f3d na mi\u0119dzynarodowych festiwalach. Opowiada o ch\u0142opcu\u00a0 o imieniu Felix, kt\u00f3ry \u00a0\u017cyje muzyk\u0105. Najch\u0119tniej ca\u0142e dnie sp\u0119dza\u0142by na jazzowych sesjach z dawnymi przyjaci\u00f3\u0142mi\u00a0ojca. Jest tylko jeden problem. Jest jeszcze dzieckiem i jego mama stanowczo sprzeciwia si\u0119\u00a0muzyce, kt\u00f3ra odci\u0105ga ch\u0142opca od nauki. Czy Felix zdo\u0142a j\u0105 przekona\u0107 do zmiany zdania? \u00a0Warto film obejrze\u0107, aby o tym si\u0119 przekona\u0107.<\/p>\n<p>Wychowawcy<\/p>\n","protected":false},"excerpt":{"rendered":"<p>Nowe Horyzonty Edukacji Filmowej to odbywaj\u0105ce si\u0119 przez ca\u0142y rok szkolny projekcje kinowe dla uczni\u00f3w, realizowane w ramach cykli tematycznych, dostosowanych do <a class=\"more-link\" href=\"https:\/\/www.sosw.elblag.com.pl\/index.php\/2015\/10\/22\/nowe-horyzonty-edukacji-filmowej\/\">Czytaj dalej&#8230;<\/a><\/p>\n","protected":false},"author":1,"featured_media":1374,"comment_status":"closed","ping_status":"open","sticky":false,"template":"","format":"standard","meta":{"footnotes":""},"categories":[3],"tags":[],"class_list":["post-1373","post","type-post","status-publish","format-standard","has-post-thumbnail","hentry","category-z-zycia-osrodka"],"_links":{"self":[{"href":"https:\/\/www.sosw.elblag.com.pl\/index.php\/wp-json\/wp\/v2\/posts\/1373","targetHints":{"allow":["GET"]}}],"collection":[{"href":"https:\/\/www.sosw.elblag.com.pl\/index.php\/wp-json\/wp\/v2\/posts"}],"about":[{"href":"https:\/\/www.sosw.elblag.com.pl\/index.php\/wp-json\/wp\/v2\/types\/post"}],"author":[{"embeddable":true,"href":"https:\/\/www.sosw.elblag.com.pl\/index.php\/wp-json\/wp\/v2\/users\/1"}],"replies":[{"embeddable":true,"href":"https:\/\/www.sosw.elblag.com.pl\/index.php\/wp-json\/wp\/v2\/comments?post=1373"}],"version-history":[{"count":1,"href":"https:\/\/www.sosw.elblag.com.pl\/index.php\/wp-json\/wp\/v2\/posts\/1373\/revisions"}],"predecessor-version":[{"id":1380,"href":"https:\/\/www.sosw.elblag.com.pl\/index.php\/wp-json\/wp\/v2\/posts\/1373\/revisions\/1380"}],"wp:featuredmedia":[{"embeddable":true,"href":"https:\/\/www.sosw.elblag.com.pl\/index.php\/wp-json\/wp\/v2\/media\/1374"}],"wp:attachment":[{"href":"https:\/\/www.sosw.elblag.com.pl\/index.php\/wp-json\/wp\/v2\/media?parent=1373"}],"wp:term":[{"taxonomy":"category","embeddable":true,"href":"https:\/\/www.sosw.elblag.com.pl\/index.php\/wp-json\/wp\/v2\/categories?post=1373"},{"taxonomy":"post_tag","embeddable":true,"href":"https:\/\/www.sosw.elblag.com.pl\/index.php\/wp-json\/wp\/v2\/tags?post=1373"}],"curies":[{"name":"wp","href":"https:\/\/api.w.org\/{rel}","templated":true}]}}