{"id":1358,"date":"2015-10-21T22:34:32","date_gmt":"2015-10-21T20:34:32","guid":{"rendered":"http:\/\/www.sosw.elblag.com.pl\/?p=1358"},"modified":"2015-11-04T10:25:10","modified_gmt":"2015-11-04T09:25:10","slug":"wymiana-grzejnikow-w-budynku-grup-wychowawczych","status":"publish","type":"post","link":"https:\/\/www.sosw.elblag.com.pl\/index.php\/2015\/10\/21\/wymiana-grzejnikow-w-budynku-grup-wychowawczych\/","title":{"rendered":"Wymiana grzejnik\u00f3w w budynku grup wychowawczych"},"content":{"rendered":"<p style=\"text-align: justify;\">Na kilka chwil przed rozpocz\u0119ciem okresu grzewczego (tzw. rzutem na ta\u015bm\u0119) uda\u0142o si\u0119 wreszcie wymieni\u0107 w s z y s t k i e grzejniki w c a \u0142 y m budynku internatu (grupy wychowawcze) na nowoczesne konwektory. Przepraszam za monotoni\u0119 galerii zdj\u0119\u0107, dokumentuj\u0105cej to dzia\u0142anie, ale jestem dumny z tego, \u017ce w ko\u0144cu si\u0119 uda\u0142o.<\/p>\n<p>Dyrektor Leszek Iwa\u0144czuk<\/p>\n\n\t\t<style type=\"text\/css\">\n\t\t\t#gallery-1 {\n\t\t\t\tmargin: auto;\n\t\t\t}\n\t\t\t#gallery-1 .gallery-item {\n\t\t\t\tfloat: left;\n\t\t\t\tmargin-top: 10px;\n\t\t\t\ttext-align: center;\n\t\t\t\twidth: 33%;\n\t\t\t}\n\t\t\t#gallery-1 img {\n\t\t\t\tborder: 2px solid #cfcfcf;\n\t\t\t}\n\t\t\t#gallery-1 .gallery-caption {\n\t\t\t\tmargin-left: 0;\n\t\t\t}\n\t\t\t\/* see gallery_shortcode() in wp-includes\/media.php *\/\n\t\t<\/style>\n\t\t<div id='gallery-1' class='gallery galleryid-1358 gallery-columns-3 gallery-size-thumbnail'><dl class='gallery-item'>\n\t\t\t<dt class='gallery-icon landscape'>\n\t\t\t\t<a title=\"1. Wymiana grzejnik\u00f3w w budynku grup wychowawczych\" href='https:\/\/www.sosw.elblag.com.pl\/wp-content\/uploads\/2015\/10\/1.-Wymiana-grzejnik\u00f3w-w-budynku-grup-wychowawczych.jpg'><img loading=\"lazy\" decoding=\"async\" width=\"200\" height=\"200\" src=\"https:\/\/www.sosw.elblag.com.pl\/wp-content\/uploads\/2015\/10\/1.-Wymiana-grzejnik\u00f3w-w-budynku-grup-wychowawczych-200x200.jpg\" class=\"attachment-thumbnail size-thumbnail\" alt=\"\" \/><\/a>\n\t\t\t<\/dt><\/dl><dl class='gallery-item'>\n\t\t\t<dt class='gallery-icon landscape'>\n\t\t\t\t<a title=\"2. Wymiana grzejnik\u00f3w w budynku grup wychowawczych\" href='https:\/\/www.sosw.elblag.com.pl\/wp-content\/uploads\/2015\/10\/2.-Wymiana-grzejnik\u00f3w-w-budynku-grup-wychowawczych.jpg'><img loading=\"lazy\" decoding=\"async\" width=\"200\" height=\"200\" src=\"https:\/\/www.sosw.elblag.com.pl\/wp-content\/uploads\/2015\/10\/2.-Wymiana-grzejnik\u00f3w-w-budynku-grup-wychowawczych-200x200.jpg\" class=\"attachment-thumbnail size-thumbnail\" alt=\"\" \/><\/a>\n\t\t\t<\/dt><\/dl><dl class='gallery-item'>\n\t\t\t<dt class='gallery-icon landscape'>\n\t\t\t\t<a title=\"3. Wymiana grzejnik\u00f3w w budynku grup wychowawczych\" href='https:\/\/www.sosw.elblag.com.pl\/wp-content\/uploads\/2015\/10\/3.-Wymiana-grzejnik\u00f3w-w-budynku-grup-wychowawczych.jpg'><img loading=\"lazy\" decoding=\"async\" width=\"200\" height=\"200\" src=\"https:\/\/www.sosw.elblag.com.pl\/wp-content\/uploads\/2015\/10\/3.-Wymiana-grzejnik\u00f3w-w-budynku-grup-wychowawczych-200x200.jpg\" class=\"attachment-thumbnail size-thumbnail\" alt=\"\" \/><\/a>\n\t\t\t<\/dt><\/dl><br style=\"clear: both\" \/><dl class='gallery-item'>\n\t\t\t<dt class='gallery-icon landscape'>\n\t\t\t\t<a title=\"4. Wymiana grzejnik\u00f3w w budynku grup wychowawczych\" href='https:\/\/www.sosw.elblag.com.pl\/wp-content\/uploads\/2015\/10\/4.-Wymiana-grzejnik\u00f3w-w-budynku-grup-wychowawczych.jpg'><img loading=\"lazy\" decoding=\"async\" width=\"200\" height=\"200\" src=\"https:\/\/www.sosw.elblag.com.pl\/wp-content\/uploads\/2015\/10\/4.-Wymiana-grzejnik\u00f3w-w-budynku-grup-wychowawczych-200x200.jpg\" class=\"attachment-thumbnail size-thumbnail\" alt=\"\" \/><\/a>\n\t\t\t<\/dt><\/dl><dl class='gallery-item'>\n\t\t\t<dt class='gallery-icon landscape'>\n\t\t\t\t<a title=\"5. Wymiana grzejnik\u00f3w w budynku grup wychowawczych\" href='https:\/\/www.sosw.elblag.com.pl\/wp-content\/uploads\/2015\/10\/5.-Wymiana-grzejnik\u00f3w-w-budynku-grup-wychowawczych.jpg'><img loading=\"lazy\" decoding=\"async\" width=\"200\" height=\"200\" src=\"https:\/\/www.sosw.elblag.com.pl\/wp-content\/uploads\/2015\/10\/5.-Wymiana-grzejnik\u00f3w-w-budynku-grup-wychowawczych-200x200.jpg\" class=\"attachment-thumbnail size-thumbnail\" alt=\"\" \/><\/a>\n\t\t\t<\/dt><\/dl><dl class='gallery-item'>\n\t\t\t<dt class='gallery-icon landscape'>\n\t\t\t\t<a title=\"6. Wymiana grzejnik\u00f3w w budynku grup wychowawczych\" href='https:\/\/www.sosw.elblag.com.pl\/wp-content\/uploads\/2015\/10\/6.-Wymiana-grzejnik\u00f3w-w-budynku-grup-wychowawczych.jpg'><img loading=\"lazy\" decoding=\"async\" width=\"200\" height=\"200\" src=\"https:\/\/www.sosw.elblag.com.pl\/wp-content\/uploads\/2015\/10\/6.-Wymiana-grzejnik\u00f3w-w-budynku-grup-wychowawczych-200x200.jpg\" class=\"attachment-thumbnail size-thumbnail\" alt=\"\" \/><\/a>\n\t\t\t<\/dt><\/dl><br style=\"clear: both\" \/><dl class='gallery-item'>\n\t\t\t<dt class='gallery-icon portrait'>\n\t\t\t\t<a title=\"7. Wymiana grzejnik\u00f3w w budynku grup wychowawczych\" href='https:\/\/www.sosw.elblag.com.pl\/wp-content\/uploads\/2015\/10\/7.-Wymiana-grzejnik\u00f3w-w-budynku-grup-wychowawczych.jpg'><img loading=\"lazy\" decoding=\"async\" width=\"200\" height=\"200\" src=\"https:\/\/www.sosw.elblag.com.pl\/wp-content\/uploads\/2015\/10\/7.-Wymiana-grzejnik\u00f3w-w-budynku-grup-wychowawczych-200x200.jpg\" class=\"attachment-thumbnail size-thumbnail\" alt=\"\" \/><\/a>\n\t\t\t<\/dt><\/dl><dl class='gallery-item'>\n\t\t\t<dt class='gallery-icon landscape'>\n\t\t\t\t<a title=\"8. Wymiana grzejnik\u00f3w w budynku grup wychowawczych\" href='https:\/\/www.sosw.elblag.com.pl\/wp-content\/uploads\/2015\/10\/8.-Wymiana-grzejnik\u00f3w-w-budynku-grup-wychowawczych.jpg'><img loading=\"lazy\" decoding=\"async\" width=\"200\" height=\"200\" src=\"https:\/\/www.sosw.elblag.com.pl\/wp-content\/uploads\/2015\/10\/8.-Wymiana-grzejnik\u00f3w-w-budynku-grup-wychowawczych-200x200.jpg\" class=\"attachment-thumbnail size-thumbnail\" alt=\"\" \/><\/a>\n\t\t\t<\/dt><\/dl><dl class='gallery-item'>\n\t\t\t<dt class='gallery-icon landscape'>\n\t\t\t\t<a title=\"9. Wymiana grzejnik\u00f3w w budynku grup wychowawczych\" href='https:\/\/www.sosw.elblag.com.pl\/wp-content\/uploads\/2015\/10\/9.-Wymiana-grzejnik\u00f3w-w-budynku-grup-wychowawczych.jpg'><img loading=\"lazy\" decoding=\"async\" width=\"200\" height=\"200\" src=\"https:\/\/www.sosw.elblag.com.pl\/wp-content\/uploads\/2015\/10\/9.-Wymiana-grzejnik\u00f3w-w-budynku-grup-wychowawczych-200x200.jpg\" class=\"attachment-thumbnail size-thumbnail\" alt=\"\" \/><\/a>\n\t\t\t<\/dt><\/dl><br style=\"clear: both\" \/>\n\t\t<\/div>\n\n","protected":false},"excerpt":{"rendered":"<p>Na kilka chwil przed rozpocz\u0119ciem okresu grzewczego (tzw. rzutem na ta\u015bm\u0119) uda\u0142o si\u0119 wreszcie wymieni\u0107 w s z y s t k <a class=\"more-link\" href=\"https:\/\/www.sosw.elblag.com.pl\/index.php\/2015\/10\/21\/wymiana-grzejnikow-w-budynku-grup-wychowawczych\/\">Czytaj dalej&#8230;<\/a><\/p>\n","protected":false},"author":1,"featured_media":1364,"comment_status":"closed","ping_status":"open","sticky":false,"template":"","format":"standard","meta":{"footnotes":""},"categories":[9,3],"tags":[],"class_list":["post-1358","post","type-post","status-publish","format-standard","has-post-thumbnail","hentry","category-szkola-przyjazna-srodowisku","category-z-zycia-osrodka"],"_links":{"self":[{"href":"https:\/\/www.sosw.elblag.com.pl\/index.php\/wp-json\/wp\/v2\/posts\/1358","targetHints":{"allow":["GET"]}}],"collection":[{"href":"https:\/\/www.sosw.elblag.com.pl\/index.php\/wp-json\/wp\/v2\/posts"}],"about":[{"href":"https:\/\/www.sosw.elblag.com.pl\/index.php\/wp-json\/wp\/v2\/types\/post"}],"author":[{"embeddable":true,"href":"https:\/\/www.sosw.elblag.com.pl\/index.php\/wp-json\/wp\/v2\/users\/1"}],"replies":[{"embeddable":true,"href":"https:\/\/www.sosw.elblag.com.pl\/index.php\/wp-json\/wp\/v2\/comments?post=1358"}],"version-history":[{"count":1,"href":"https:\/\/www.sosw.elblag.com.pl\/index.php\/wp-json\/wp\/v2\/posts\/1358\/revisions"}],"predecessor-version":[{"id":1368,"href":"https:\/\/www.sosw.elblag.com.pl\/index.php\/wp-json\/wp\/v2\/posts\/1358\/revisions\/1368"}],"wp:featuredmedia":[{"embeddable":true,"href":"https:\/\/www.sosw.elblag.com.pl\/index.php\/wp-json\/wp\/v2\/media\/1364"}],"wp:attachment":[{"href":"https:\/\/www.sosw.elblag.com.pl\/index.php\/wp-json\/wp\/v2\/media?parent=1358"}],"wp:term":[{"taxonomy":"category","embeddable":true,"href":"https:\/\/www.sosw.elblag.com.pl\/index.php\/wp-json\/wp\/v2\/categories?post=1358"},{"taxonomy":"post_tag","embeddable":true,"href":"https:\/\/www.sosw.elblag.com.pl\/index.php\/wp-json\/wp\/v2\/tags?post=1358"}],"curies":[{"name":"wp","href":"https:\/\/api.w.org\/{rel}","templated":true}]}}