{"id":1348,"date":"2015-10-20T16:41:15","date_gmt":"2015-10-20T14:41:15","guid":{"rendered":"http:\/\/www.sosw.elblag.com.pl\/?p=1348"},"modified":"2015-10-20T16:41:15","modified_gmt":"2015-10-20T14:41:15","slug":"stypendia-fundacji-elblag","status":"publish","type":"post","link":"https:\/\/www.sosw.elblag.com.pl\/index.php\/2015\/10\/20\/stypendia-fundacji-elblag\/","title":{"rendered":"Stypendia fundacji Elbl\u0105g"},"content":{"rendered":"<p style=\"text-align: justify;\">Dzisiaj w Ratuszu Staromiejskim uczestniczy\u0142em w mi\u0142ej uroczysto\u015bci wr\u0119czenia stypendi\u00f3w Fundacji Elbl\u0105g w ramach program\u00f3w stypendialnych S\u0142onik, Szansa i Agrafka. W\u015br\u00f3d 42 wyr\u00f3\u017cnionych nasi uczniowie i wychowankowie.<\/p>\n<p>Dyrektor Leszek Iwa\u0144czuk<\/p>\n\n\t\t<style type=\"text\/css\">\n\t\t\t#gallery-1 {\n\t\t\t\tmargin: auto;\n\t\t\t}\n\t\t\t#gallery-1 .gallery-item {\n\t\t\t\tfloat: left;\n\t\t\t\tmargin-top: 10px;\n\t\t\t\ttext-align: center;\n\t\t\t\twidth: 50%;\n\t\t\t}\n\t\t\t#gallery-1 img {\n\t\t\t\tborder: 2px solid #cfcfcf;\n\t\t\t}\n\t\t\t#gallery-1 .gallery-caption {\n\t\t\t\tmargin-left: 0;\n\t\t\t}\n\t\t\t\/* see gallery_shortcode() in wp-includes\/media.php *\/\n\t\t<\/style>\n\t\t<div id='gallery-1' class='gallery galleryid-1348 gallery-columns-2 gallery-size-thumbnail'><dl class='gallery-item'>\n\t\t\t<dt class='gallery-icon landscape'>\n\t\t\t\t<a title=\"1. Stypendia fundacji Elbl\u0105g\" href='https:\/\/www.sosw.elblag.com.pl\/wp-content\/uploads\/2015\/10\/1.-Stypendia-fundacji-Elbl\u0105g.jpg'><img loading=\"lazy\" decoding=\"async\" width=\"200\" height=\"200\" src=\"https:\/\/www.sosw.elblag.com.pl\/wp-content\/uploads\/2015\/10\/1.-Stypendia-fundacji-Elbl\u0105g-200x200.jpg\" class=\"attachment-thumbnail size-thumbnail\" alt=\"\" \/><\/a>\n\t\t\t<\/dt><\/dl><dl class='gallery-item'>\n\t\t\t<dt class='gallery-icon landscape'>\n\t\t\t\t<a title=\"2. Stypendia fundacji Elbl\u0105g\" href='https:\/\/www.sosw.elblag.com.pl\/wp-content\/uploads\/2015\/10\/2.-Stypendia-fundacji-Elbl\u0105g.jpg'><img loading=\"lazy\" decoding=\"async\" width=\"200\" height=\"200\" src=\"https:\/\/www.sosw.elblag.com.pl\/wp-content\/uploads\/2015\/10\/2.-Stypendia-fundacji-Elbl\u0105g-200x200.jpg\" class=\"attachment-thumbnail size-thumbnail\" alt=\"\" \/><\/a>\n\t\t\t<\/dt><\/dl><br style=\"clear: both\" \/><dl class='gallery-item'>\n\t\t\t<dt class='gallery-icon landscape'>\n\t\t\t\t<a title=\"3. Stypendia fundacji Elbl\u0105g\" href='https:\/\/www.sosw.elblag.com.pl\/wp-content\/uploads\/2015\/10\/3.-Stypendia-fundacji-Elbl\u0105g.jpg'><img loading=\"lazy\" decoding=\"async\" width=\"200\" height=\"200\" src=\"https:\/\/www.sosw.elblag.com.pl\/wp-content\/uploads\/2015\/10\/3.-Stypendia-fundacji-Elbl\u0105g-200x200.jpg\" class=\"attachment-thumbnail size-thumbnail\" alt=\"\" \/><\/a>\n\t\t\t<\/dt><\/dl><dl class='gallery-item'>\n\t\t\t<dt class='gallery-icon landscape'>\n\t\t\t\t<a title=\"4. Stypendia fundacji Elbl\u0105g\" href='https:\/\/www.sosw.elblag.com.pl\/wp-content\/uploads\/2015\/10\/4.-Stypendia-fundacji-Elbl\u0105g.jpg'><img loading=\"lazy\" decoding=\"async\" width=\"200\" height=\"200\" src=\"https:\/\/www.sosw.elblag.com.pl\/wp-content\/uploads\/2015\/10\/4.-Stypendia-fundacji-Elbl\u0105g-200x200.jpg\" class=\"attachment-thumbnail size-thumbnail\" alt=\"\" \/><\/a>\n\t\t\t<\/dt><\/dl><br style=\"clear: both\" \/><dl class='gallery-item'>\n\t\t\t<dt class='gallery-icon landscape'>\n\t\t\t\t<a title=\"5. Stypendia fundacji Elbl\u0105g\" href='https:\/\/www.sosw.elblag.com.pl\/wp-content\/uploads\/2015\/10\/5.-Stypendia-fundacji-Elbl\u0105g.jpg'><img loading=\"lazy\" decoding=\"async\" width=\"200\" height=\"200\" src=\"https:\/\/www.sosw.elblag.com.pl\/wp-content\/uploads\/2015\/10\/5.-Stypendia-fundacji-Elbl\u0105g-200x200.jpg\" class=\"attachment-thumbnail size-thumbnail\" alt=\"\" \/><\/a>\n\t\t\t<\/dt><\/dl><dl class='gallery-item'>\n\t\t\t<dt class='gallery-icon landscape'>\n\t\t\t\t<a title=\"6. Stypendia fundacji Elbl\u0105g\" href='https:\/\/www.sosw.elblag.com.pl\/wp-content\/uploads\/2015\/10\/6.-Stypendia-fundacji-Elbl\u0105g.jpg'><img loading=\"lazy\" decoding=\"async\" width=\"200\" height=\"200\" src=\"https:\/\/www.sosw.elblag.com.pl\/wp-content\/uploads\/2015\/10\/6.-Stypendia-fundacji-Elbl\u0105g-200x200.jpg\" class=\"attachment-thumbnail size-thumbnail\" alt=\"\" \/><\/a>\n\t\t\t<\/dt><\/dl><br style=\"clear: both\" \/><dl class='gallery-item'>\n\t\t\t<dt class='gallery-icon landscape'>\n\t\t\t\t<a title=\"7. Stypendia fundacji Elbl\u0105g\" href='https:\/\/www.sosw.elblag.com.pl\/wp-content\/uploads\/2015\/10\/7.-Stypendia-fundacji-Elbl\u0105g.jpg'><img loading=\"lazy\" decoding=\"async\" width=\"200\" height=\"200\" src=\"https:\/\/www.sosw.elblag.com.pl\/wp-content\/uploads\/2015\/10\/7.-Stypendia-fundacji-Elbl\u0105g-200x200.jpg\" class=\"attachment-thumbnail size-thumbnail\" alt=\"\" \/><\/a>\n\t\t\t<\/dt><\/dl><dl class='gallery-item'>\n\t\t\t<dt class='gallery-icon landscape'>\n\t\t\t\t<a title=\"8. Stypendia fundacji Elbl\u0105g\" href='https:\/\/www.sosw.elblag.com.pl\/wp-content\/uploads\/2015\/10\/8.-Stypendia-fundacji-Elbl\u0105g.jpg'><img loading=\"lazy\" decoding=\"async\" width=\"200\" height=\"200\" src=\"https:\/\/www.sosw.elblag.com.pl\/wp-content\/uploads\/2015\/10\/8.-Stypendia-fundacji-Elbl\u0105g-200x200.jpg\" class=\"attachment-thumbnail size-thumbnail\" alt=\"\" \/><\/a>\n\t\t\t<\/dt><\/dl><br style=\"clear: both\" \/>\n\t\t<\/div>\n\n","protected":false},"excerpt":{"rendered":"<p>Dzisiaj w Ratuszu Staromiejskim uczestniczy\u0142em w mi\u0142ej uroczysto\u015bci wr\u0119czenia stypendi\u00f3w Fundacji Elbl\u0105g w ramach program\u00f3w stypendialnych S\u0142onik, Szansa i Agrafka. W\u015br\u00f3d 42 <a class=\"more-link\" href=\"https:\/\/www.sosw.elblag.com.pl\/index.php\/2015\/10\/20\/stypendia-fundacji-elblag\/\">Czytaj dalej&#8230;<\/a><\/p>\n","protected":false},"author":1,"featured_media":1355,"comment_status":"closed","ping_status":"open","sticky":false,"template":"","format":"standard","meta":{"footnotes":""},"categories":[3],"tags":[],"class_list":["post-1348","post","type-post","status-publish","format-standard","has-post-thumbnail","hentry","category-z-zycia-osrodka"],"_links":{"self":[{"href":"https:\/\/www.sosw.elblag.com.pl\/index.php\/wp-json\/wp\/v2\/posts\/1348","targetHints":{"allow":["GET"]}}],"collection":[{"href":"https:\/\/www.sosw.elblag.com.pl\/index.php\/wp-json\/wp\/v2\/posts"}],"about":[{"href":"https:\/\/www.sosw.elblag.com.pl\/index.php\/wp-json\/wp\/v2\/types\/post"}],"author":[{"embeddable":true,"href":"https:\/\/www.sosw.elblag.com.pl\/index.php\/wp-json\/wp\/v2\/users\/1"}],"replies":[{"embeddable":true,"href":"https:\/\/www.sosw.elblag.com.pl\/index.php\/wp-json\/wp\/v2\/comments?post=1348"}],"version-history":[{"count":1,"href":"https:\/\/www.sosw.elblag.com.pl\/index.php\/wp-json\/wp\/v2\/posts\/1348\/revisions"}],"predecessor-version":[{"id":1357,"href":"https:\/\/www.sosw.elblag.com.pl\/index.php\/wp-json\/wp\/v2\/posts\/1348\/revisions\/1357"}],"wp:featuredmedia":[{"embeddable":true,"href":"https:\/\/www.sosw.elblag.com.pl\/index.php\/wp-json\/wp\/v2\/media\/1355"}],"wp:attachment":[{"href":"https:\/\/www.sosw.elblag.com.pl\/index.php\/wp-json\/wp\/v2\/media?parent=1348"}],"wp:term":[{"taxonomy":"category","embeddable":true,"href":"https:\/\/www.sosw.elblag.com.pl\/index.php\/wp-json\/wp\/v2\/categories?post=1348"},{"taxonomy":"post_tag","embeddable":true,"href":"https:\/\/www.sosw.elblag.com.pl\/index.php\/wp-json\/wp\/v2\/tags?post=1348"}],"curies":[{"name":"wp","href":"https:\/\/api.w.org\/{rel}","templated":true}]}}