{"id":1338,"date":"2015-10-19T20:13:15","date_gmt":"2015-10-19T18:13:15","guid":{"rendered":"http:\/\/www.sosw.elblag.com.pl\/?p=1338"},"modified":"2015-10-19T20:13:15","modified_gmt":"2015-10-19T18:13:15","slug":"warsztaty-plastyczne-w-bibliotece-elblaskiej","status":"publish","type":"post","link":"https:\/\/www.sosw.elblag.com.pl\/index.php\/2015\/10\/19\/warsztaty-plastyczne-w-bibliotece-elblaskiej\/","title":{"rendered":"Warsztaty plastyczne w Bibliotece Elbl\u0105skiej"},"content":{"rendered":"<p style=\"text-align: justify;\">Dnia 19.10.2015 r. uczniowie zespo\u0142\u00f3w edukacyjno \u2013 terapeutycznych (III c,\u00a0 IV a, V a, VI b) uczestniczyli w warsztatach plastycznych zorganizowanych przez\u00a0\u00a0 Fili\u0119 nr 6 Biblioteki Elbl\u0105skiej\u00a0 mieszcz\u0105cej si\u0119 przy ulicy S\u0142onecznej. Tym razem tematem przewodnim by\u0142a jesie\u0144, a uczniowie pod bacznym okiem Pani Bo\u017cenki, zainspirowani t\u0105 w\u0142a\u015bnie por\u0105 roku\u00a0 i jej darami z sadu, parku oraz lasu, wykonali pi\u0119kne prace, kt\u00f3re zdobi\u0105 nasze gazetki tematyczne w klasach i na szkolnych korytarzach.<\/p>\n<p>B. Karpi\u0144ska,<br \/>\nE. \u0141ukaszewska,<br \/>\nK. Pietrzy\u0144ska,<br \/>\nA. W\u00f3jtowicz<\/p>\n\n\t\t<style type=\"text\/css\">\n\t\t\t#gallery-1 {\n\t\t\t\tmargin: auto;\n\t\t\t}\n\t\t\t#gallery-1 .gallery-item {\n\t\t\t\tfloat: left;\n\t\t\t\tmargin-top: 10px;\n\t\t\t\ttext-align: center;\n\t\t\t\twidth: 50%;\n\t\t\t}\n\t\t\t#gallery-1 img {\n\t\t\t\tborder: 2px solid #cfcfcf;\n\t\t\t}\n\t\t\t#gallery-1 .gallery-caption {\n\t\t\t\tmargin-left: 0;\n\t\t\t}\n\t\t\t\/* see gallery_shortcode() in wp-includes\/media.php *\/\n\t\t<\/style>\n\t\t<div id='gallery-1' class='gallery galleryid-1338 gallery-columns-2 gallery-size-thumbnail'><dl class='gallery-item'>\n\t\t\t<dt class='gallery-icon landscape'>\n\t\t\t\t<a title=\"warsztaty plastyczne\" href='https:\/\/www.sosw.elblag.com.pl\/wp-content\/uploads\/2015\/10\/warsztaty-plastyczne-1.jpg'><img loading=\"lazy\" decoding=\"async\" width=\"200\" height=\"200\" src=\"https:\/\/www.sosw.elblag.com.pl\/wp-content\/uploads\/2015\/10\/warsztaty-plastyczne-1-200x200.jpg\" class=\"attachment-thumbnail size-thumbnail\" alt=\"\" \/><\/a>\n\t\t\t<\/dt><\/dl><dl class='gallery-item'>\n\t\t\t<dt class='gallery-icon landscape'>\n\t\t\t\t<a title=\"warsztaty plastyczne\" href='https:\/\/www.sosw.elblag.com.pl\/wp-content\/uploads\/2015\/10\/warsztaty-plastyczne-2.jpg'><img loading=\"lazy\" decoding=\"async\" width=\"200\" height=\"200\" src=\"https:\/\/www.sosw.elblag.com.pl\/wp-content\/uploads\/2015\/10\/warsztaty-plastyczne-2-200x200.jpg\" class=\"attachment-thumbnail size-thumbnail\" alt=\"\" \/><\/a>\n\t\t\t<\/dt><\/dl><br style=\"clear: both\" \/><dl class='gallery-item'>\n\t\t\t<dt class='gallery-icon landscape'>\n\t\t\t\t<a title=\"warsztaty plastyczne\" href='https:\/\/www.sosw.elblag.com.pl\/wp-content\/uploads\/2015\/10\/warsztaty-plastyczne-3.jpg'><img loading=\"lazy\" decoding=\"async\" width=\"200\" height=\"200\" src=\"https:\/\/www.sosw.elblag.com.pl\/wp-content\/uploads\/2015\/10\/warsztaty-plastyczne-3-200x200.jpg\" class=\"attachment-thumbnail size-thumbnail\" alt=\"\" \/><\/a>\n\t\t\t<\/dt><\/dl><dl class='gallery-item'>\n\t\t\t<dt class='gallery-icon landscape'>\n\t\t\t\t<a title=\"warsztaty plastyczne\" href='https:\/\/www.sosw.elblag.com.pl\/wp-content\/uploads\/2015\/10\/warsztaty-plastyczne-4.jpg'><img loading=\"lazy\" decoding=\"async\" width=\"200\" height=\"200\" src=\"https:\/\/www.sosw.elblag.com.pl\/wp-content\/uploads\/2015\/10\/warsztaty-plastyczne-4-200x200.jpg\" class=\"attachment-thumbnail size-thumbnail\" alt=\"\" \/><\/a>\n\t\t\t<\/dt><\/dl><br style=\"clear: both\" \/><dl class='gallery-item'>\n\t\t\t<dt class='gallery-icon landscape'>\n\t\t\t\t<a title=\"warsztaty plastyczne\" href='https:\/\/www.sosw.elblag.com.pl\/wp-content\/uploads\/2015\/10\/warsztaty-plastyczne5.jpg'><img loading=\"lazy\" decoding=\"async\" width=\"200\" height=\"200\" src=\"https:\/\/www.sosw.elblag.com.pl\/wp-content\/uploads\/2015\/10\/warsztaty-plastyczne5-200x200.jpg\" class=\"attachment-thumbnail size-thumbnail\" alt=\"\" \/><\/a>\n\t\t\t<\/dt><\/dl><dl class='gallery-item'>\n\t\t\t<dt class='gallery-icon landscape'>\n\t\t\t\t<a title=\"warsztaty plastyczne\" href='https:\/\/www.sosw.elblag.com.pl\/wp-content\/uploads\/2015\/10\/warsztaty-plastyczne-6.jpg'><img loading=\"lazy\" decoding=\"async\" width=\"200\" height=\"200\" src=\"https:\/\/www.sosw.elblag.com.pl\/wp-content\/uploads\/2015\/10\/warsztaty-plastyczne-6-200x200.jpg\" class=\"attachment-thumbnail size-thumbnail\" alt=\"\" \/><\/a>\n\t\t\t<\/dt><\/dl><br style=\"clear: both\" \/>\n\t\t<\/div>\n\n","protected":false},"excerpt":{"rendered":"<p>Dnia 19.10.2015 r. uczniowie zespo\u0142\u00f3w edukacyjno \u2013 terapeutycznych (III c,\u00a0 IV a, V a, VI b) uczestniczyli w warsztatach plastycznych zorganizowanych przez\u00a0\u00a0 <a class=\"more-link\" href=\"https:\/\/www.sosw.elblag.com.pl\/index.php\/2015\/10\/19\/warsztaty-plastyczne-w-bibliotece-elblaskiej\/\">Czytaj dalej&#8230;<\/a><\/p>\n","protected":false},"author":1,"featured_media":1342,"comment_status":"closed","ping_status":"open","sticky":false,"template":"","format":"standard","meta":{"footnotes":""},"categories":[3],"tags":[],"class_list":["post-1338","post","type-post","status-publish","format-standard","has-post-thumbnail","hentry","category-z-zycia-osrodka"],"_links":{"self":[{"href":"https:\/\/www.sosw.elblag.com.pl\/index.php\/wp-json\/wp\/v2\/posts\/1338","targetHints":{"allow":["GET"]}}],"collection":[{"href":"https:\/\/www.sosw.elblag.com.pl\/index.php\/wp-json\/wp\/v2\/posts"}],"about":[{"href":"https:\/\/www.sosw.elblag.com.pl\/index.php\/wp-json\/wp\/v2\/types\/post"}],"author":[{"embeddable":true,"href":"https:\/\/www.sosw.elblag.com.pl\/index.php\/wp-json\/wp\/v2\/users\/1"}],"replies":[{"embeddable":true,"href":"https:\/\/www.sosw.elblag.com.pl\/index.php\/wp-json\/wp\/v2\/comments?post=1338"}],"version-history":[{"count":1,"href":"https:\/\/www.sosw.elblag.com.pl\/index.php\/wp-json\/wp\/v2\/posts\/1338\/revisions"}],"predecessor-version":[{"id":1345,"href":"https:\/\/www.sosw.elblag.com.pl\/index.php\/wp-json\/wp\/v2\/posts\/1338\/revisions\/1345"}],"wp:featuredmedia":[{"embeddable":true,"href":"https:\/\/www.sosw.elblag.com.pl\/index.php\/wp-json\/wp\/v2\/media\/1342"}],"wp:attachment":[{"href":"https:\/\/www.sosw.elblag.com.pl\/index.php\/wp-json\/wp\/v2\/media?parent=1338"}],"wp:term":[{"taxonomy":"category","embeddable":true,"href":"https:\/\/www.sosw.elblag.com.pl\/index.php\/wp-json\/wp\/v2\/categories?post=1338"},{"taxonomy":"post_tag","embeddable":true,"href":"https:\/\/www.sosw.elblag.com.pl\/index.php\/wp-json\/wp\/v2\/tags?post=1338"}],"curies":[{"name":"wp","href":"https:\/\/api.w.org\/{rel}","templated":true}]}}