{"id":1264,"date":"2015-10-15T23:51:52","date_gmt":"2015-10-15T21:51:52","guid":{"rendered":"http:\/\/www.sosw.elblag.com.pl\/?p=1264"},"modified":"2015-10-19T10:57:25","modified_gmt":"2015-10-19T08:57:25","slug":"wesola-wiosna-projekty-wolontariacie-trzecia-edycja","status":"publish","type":"post","link":"https:\/\/www.sosw.elblag.com.pl\/index.php\/2015\/10\/15\/wesola-wiosna-projekty-wolontariacie-trzecia-edycja\/","title":{"rendered":"Weso\u0142a wiosna \u2013 projekty wolontariacie- trzecia edycja"},"content":{"rendered":"<div style=\"text-align: justify;\">Nauczyciele SOSW Nr 1 w Elbl\u0105gu prowadz\u0105cy zaj\u0119cia rewalidacyjno &#8211; wychowawcze z dzie\u0107mi niepe\u0142nosprawnymi w Domu Pomocy Spo\u0142ecznej dla Dzieci i M\u0142odzie\u017cy przy ul Kasprzaka po raz kolejny wzi\u0119li udzia\u0142 w tworzeniu i realizacji projekt\u00f3w wolontariackich we wsp\u00f3\u0142pracy z pracownikami firmy Siemens, Fundacj\u0105 Psy Dzieciom oraz Stowarzyszeniem Na Rzecz Wspierania Rozwoju Os\u00f3b z Upo\u015bledzeniem Umys\u0142owym \u201eDrugi Dom\u201d. Dzi\u0119ki wsp\u00f3lnym wysi\u0142kom powsta\u0142y dwa projekty wolontariacie. na kt\u00f3re pozyskano 13000 z\u0142 .<\/div>\n<div style=\"text-align: justify;\">Pierwszy z projekt\u00f3w \u201eWoda &#8211; pierwszy \u017cywio\u0142 &#8211; ja niepe\u0142nosprawny\u201d obejmowa\u0142 organizacj\u0119 wycieczek oraz zaj\u0119\u0107, celem poznania nowych krajobraz\u00f3w. Dzieci wyjecha\u0142y na wycieczk\u0119 do Ostr\u00f3dy, gdzie spaceruj\u0105c wzd\u0142u\u017c jeziora obserwowa\u0142y krajobraz oraz wyruszy\u0142y na rejs statkiem po jeziorze Drw\u0119ckim, bra\u0142y udzia\u0142 w festynie nad jeziorkiem w Pas\u0142\u0119ku. Za pieni\u0105dze pozyskane z projektu zosta\u0142y zakupione r\u00f3\u017cnorodne zabawki i pomoce.<\/div>\n<div style=\"text-align: justify;\">Drugi projekt \u201eUczymy si\u0119 odczuwa\u0107 \u015bwiat\u201d mia\u0142 na celu przystosowanie i wyposa\u017cenie sali terapeutycznej do prowadzenia zaj\u0119\u0107 metod\u0105 integracji sensorycznej. Dzi\u0119ki realizacji projektu w DPS powsta\u0142a sala terapeutyczna, z kt\u00f3rej niepe\u0142nosprawni wychowankowie b\u0119d\u0105 mogli korzysta\u0107 przez d\u0142ugie lata. Zaj\u0119cia prowadzone metod\u0105 SI b\u0119d\u0105 przyczynia\u0142y si\u0119 do poprawy stanu funkcjonalnego dzieci w zakresie wszystkich zmys\u0142\u00f3w, zwi\u0119kszenia ich sprawno\u015bci ruchowej, dadz\u0105 im du\u017co rado\u015bci.<\/div>\n<div style=\"text-align: justify;\">Brawo dla Nauczycieli z DPS.<\/div>\n<div style=\"text-align: justify;\"><\/div>\n<div style=\"text-align: justify;\">Dyrektor Leszek Iwa\u0144czuk<\/div>\n<div style=\"text-align: justify;\">\n\n\t\t<style type=\"text\/css\">\n\t\t\t#gallery-1 {\n\t\t\t\tmargin: auto;\n\t\t\t}\n\t\t\t#gallery-1 .gallery-item {\n\t\t\t\tfloat: left;\n\t\t\t\tmargin-top: 10px;\n\t\t\t\ttext-align: center;\n\t\t\t\twidth: 50%;\n\t\t\t}\n\t\t\t#gallery-1 img {\n\t\t\t\tborder: 2px solid #cfcfcf;\n\t\t\t}\n\t\t\t#gallery-1 .gallery-caption {\n\t\t\t\tmargin-left: 0;\n\t\t\t}\n\t\t\t\/* see gallery_shortcode() in wp-includes\/media.php *\/\n\t\t<\/style>\n\t\t<div id='gallery-1' class='gallery galleryid-1264 gallery-columns-2 gallery-size-thumbnail'><dl class='gallery-item'>\n\t\t\t<dt class='gallery-icon landscape'>\n\t\t\t\t<a title=\"Weso\u0142a wiosna \u2013 projekty wolontariacie- trzecia edycja\" href='https:\/\/www.sosw.elblag.com.pl\/wp-content\/uploads\/2015\/10\/Weso\u0142a-wiosna-\u2013-projekty-wolontariacie-trzecia-edycja1.jpg'><img loading=\"lazy\" decoding=\"async\" width=\"200\" height=\"200\" src=\"https:\/\/www.sosw.elblag.com.pl\/wp-content\/uploads\/2015\/10\/Weso\u0142a-wiosna-\u2013-projekty-wolontariacie-trzecia-edycja1-200x200.jpg\" class=\"attachment-thumbnail size-thumbnail\" alt=\"\" \/><\/a>\n\t\t\t<\/dt><\/dl><dl class='gallery-item'>\n\t\t\t<dt class='gallery-icon portrait'>\n\t\t\t\t<a title=\"Weso\u0142a wiosna \u2013 projekty wolontariacie- trzecia edycja\" href='https:\/\/www.sosw.elblag.com.pl\/wp-content\/uploads\/2015\/10\/Weso\u0142a-wiosna-\u2013-projekty-wolontariacie-trzecia-edycja2.jpg'><img loading=\"lazy\" decoding=\"async\" width=\"200\" height=\"200\" src=\"https:\/\/www.sosw.elblag.com.pl\/wp-content\/uploads\/2015\/10\/Weso\u0142a-wiosna-\u2013-projekty-wolontariacie-trzecia-edycja2-200x200.jpg\" class=\"attachment-thumbnail size-thumbnail\" alt=\"\" \/><\/a>\n\t\t\t<\/dt><\/dl><br style=\"clear: both\" \/><dl class='gallery-item'>\n\t\t\t<dt class='gallery-icon portrait'>\n\t\t\t\t<a title=\"Weso\u0142a wiosna \u2013 projekty wolontariacie- trzecia edycja\" href='https:\/\/www.sosw.elblag.com.pl\/wp-content\/uploads\/2015\/10\/Weso\u0142a-wiosna-\u2013-projekty-wolontariacie-trzecia-edycja3.jpg'><img loading=\"lazy\" decoding=\"async\" width=\"200\" height=\"200\" src=\"https:\/\/www.sosw.elblag.com.pl\/wp-content\/uploads\/2015\/10\/Weso\u0142a-wiosna-\u2013-projekty-wolontariacie-trzecia-edycja3-200x200.jpg\" class=\"attachment-thumbnail size-thumbnail\" alt=\"\" \/><\/a>\n\t\t\t<\/dt><\/dl><dl class='gallery-item'>\n\t\t\t<dt class='gallery-icon landscape'>\n\t\t\t\t<a title=\"Weso\u0142a wiosna \u2013 projekty wolontariacie- trzecia edycja\" href='https:\/\/www.sosw.elblag.com.pl\/wp-content\/uploads\/2015\/10\/Weso\u0142a-wiosna-\u2013-projekty-wolontariacie-trzecia-edycja4.jpg'><img loading=\"lazy\" decoding=\"async\" width=\"200\" height=\"200\" src=\"https:\/\/www.sosw.elblag.com.pl\/wp-content\/uploads\/2015\/10\/Weso\u0142a-wiosna-\u2013-projekty-wolontariacie-trzecia-edycja4-200x200.jpg\" class=\"attachment-thumbnail size-thumbnail\" alt=\"\" \/><\/a>\n\t\t\t<\/dt><\/dl><br style=\"clear: both\" \/><dl class='gallery-item'>\n\t\t\t<dt class='gallery-icon portrait'>\n\t\t\t\t<a title=\"Weso\u0142a wiosna \u2013 projekty wolontariacie- trzecia edycja\" href='https:\/\/www.sosw.elblag.com.pl\/wp-content\/uploads\/2015\/10\/Weso\u0142a-wiosna-\u2013-projekty-wolontariacie-trzecia-edycja5.jpg'><img loading=\"lazy\" decoding=\"async\" width=\"200\" height=\"200\" src=\"https:\/\/www.sosw.elblag.com.pl\/wp-content\/uploads\/2015\/10\/Weso\u0142a-wiosna-\u2013-projekty-wolontariacie-trzecia-edycja5-200x200.jpg\" class=\"attachment-thumbnail size-thumbnail\" alt=\"\" \/><\/a>\n\t\t\t<\/dt><\/dl><dl class='gallery-item'>\n\t\t\t<dt class='gallery-icon portrait'>\n\t\t\t\t<a title=\"Weso\u0142a wiosna \u2013 projekty wolontariacie- trzecia edycja\" href='https:\/\/www.sosw.elblag.com.pl\/wp-content\/uploads\/2015\/10\/Weso\u0142a-wiosna-\u2013-projekty-wolontariacie-trzecia-edycja6.jpg'><img loading=\"lazy\" decoding=\"async\" width=\"200\" height=\"200\" src=\"https:\/\/www.sosw.elblag.com.pl\/wp-content\/uploads\/2015\/10\/Weso\u0142a-wiosna-\u2013-projekty-wolontariacie-trzecia-edycja6-200x200.jpg\" class=\"attachment-thumbnail size-thumbnail\" alt=\"\" \/><\/a>\n\t\t\t<\/dt><\/dl><br style=\"clear: both\" \/>\n\t\t<\/div>\n\n<\/div>\n","protected":false},"excerpt":{"rendered":"<p>Nauczyciele SOSW Nr 1 w Elbl\u0105gu prowadz\u0105cy zaj\u0119cia rewalidacyjno &#8211; wychowawcze z dzie\u0107mi niepe\u0142nosprawnymi w Domu Pomocy Spo\u0142ecznej dla Dzieci i M\u0142odzie\u017cy <a class=\"more-link\" href=\"https:\/\/www.sosw.elblag.com.pl\/index.php\/2015\/10\/15\/wesola-wiosna-projekty-wolontariacie-trzecia-edycja\/\">Czytaj dalej&#8230;<\/a><\/p>\n","protected":false},"author":1,"featured_media":1270,"comment_status":"closed","ping_status":"open","sticky":false,"template":"","format":"standard","meta":{"footnotes":""},"categories":[8,3],"tags":[],"class_list":["post-1264","post","type-post","status-publish","format-standard","has-post-thumbnail","hentry","category-dom-pomocy-spolecznej","category-z-zycia-osrodka"],"_links":{"self":[{"href":"https:\/\/www.sosw.elblag.com.pl\/index.php\/wp-json\/wp\/v2\/posts\/1264","targetHints":{"allow":["GET"]}}],"collection":[{"href":"https:\/\/www.sosw.elblag.com.pl\/index.php\/wp-json\/wp\/v2\/posts"}],"about":[{"href":"https:\/\/www.sosw.elblag.com.pl\/index.php\/wp-json\/wp\/v2\/types\/post"}],"author":[{"embeddable":true,"href":"https:\/\/www.sosw.elblag.com.pl\/index.php\/wp-json\/wp\/v2\/users\/1"}],"replies":[{"embeddable":true,"href":"https:\/\/www.sosw.elblag.com.pl\/index.php\/wp-json\/wp\/v2\/comments?post=1264"}],"version-history":[{"count":2,"href":"https:\/\/www.sosw.elblag.com.pl\/index.php\/wp-json\/wp\/v2\/posts\/1264\/revisions"}],"predecessor-version":[{"id":1295,"href":"https:\/\/www.sosw.elblag.com.pl\/index.php\/wp-json\/wp\/v2\/posts\/1264\/revisions\/1295"}],"wp:featuredmedia":[{"embeddable":true,"href":"https:\/\/www.sosw.elblag.com.pl\/index.php\/wp-json\/wp\/v2\/media\/1270"}],"wp:attachment":[{"href":"https:\/\/www.sosw.elblag.com.pl\/index.php\/wp-json\/wp\/v2\/media?parent=1264"}],"wp:term":[{"taxonomy":"category","embeddable":true,"href":"https:\/\/www.sosw.elblag.com.pl\/index.php\/wp-json\/wp\/v2\/categories?post=1264"},{"taxonomy":"post_tag","embeddable":true,"href":"https:\/\/www.sosw.elblag.com.pl\/index.php\/wp-json\/wp\/v2\/tags?post=1264"}],"curies":[{"name":"wp","href":"https:\/\/api.w.org\/{rel}","templated":true}]}}