{"id":1243,"date":"2015-10-15T20:39:23","date_gmt":"2015-10-15T18:39:23","guid":{"rendered":"http:\/\/www.sosw.elblag.com.pl\/?p=1243"},"modified":"2015-10-19T10:58:27","modified_gmt":"2015-10-19T08:58:27","slug":"wiorkowe-obrazki","status":"publish","type":"post","link":"https:\/\/www.sosw.elblag.com.pl\/index.php\/2015\/10\/15\/wiorkowe-obrazki\/","title":{"rendered":"Wi\u00f3rkowe obrazki"},"content":{"rendered":"<p style=\"text-align: justify;\">Obecny rok szkolny to kolejny, w kt\u00f3rym zespo\u0142y edukacyjno- terapeutyczne\u00a0 gimnazjum II i III b podj\u0119\u0142y wsp\u00f3\u0142prac\u0119 z plastykiem elbl\u0105skim p. Bogdanem Kili\u0144skim. Ma\u0142e warsztaty plastyczne \u2013 czas artyst\u00f3w to cykl kilku spotka\u0144 pe\u0142en niespodzianek i oryginalnych propozycji dla uczni\u00f3w,\u00a0 poznanie ciekawych technik plastycznych, praca w r\u00f3\u017cnorodnych materia\u0142ach.<\/p>\n<p style=\"text-align: justify;\">Pierwsze zaj\u0119cia to wi\u00f3rkowe obrazki, kt\u00f3re powsta\u0142y z ma\u0142ych kawa\u0142k\u00f3w kredek \u015bwiecowych: barwne motyle, kwiaty, jesienne drzewa. Technika bardzo ciekawa, bo z u\u017cyciem \u017celazka. Wspania\u0142e prace mo\u017cna podziwia\u0107 na tablicach ekspozycyjnych w gabinetach oraz na zdj\u0119ciach.<\/p>\n<p>M. Zalewska<br \/>\nM. Sierek<\/p>\n\n\t\t<style type=\"text\/css\">\n\t\t\t#gallery-1 {\n\t\t\t\tmargin: auto;\n\t\t\t}\n\t\t\t#gallery-1 .gallery-item {\n\t\t\t\tfloat: left;\n\t\t\t\tmargin-top: 10px;\n\t\t\t\ttext-align: center;\n\t\t\t\twidth: 50%;\n\t\t\t}\n\t\t\t#gallery-1 img {\n\t\t\t\tborder: 2px solid #cfcfcf;\n\t\t\t}\n\t\t\t#gallery-1 .gallery-caption {\n\t\t\t\tmargin-left: 0;\n\t\t\t}\n\t\t\t\/* see gallery_shortcode() in wp-includes\/media.php *\/\n\t\t<\/style>\n\t\t<div id='gallery-1' class='gallery galleryid-1243 gallery-columns-2 gallery-size-thumbnail'><dl class='gallery-item'>\n\t\t\t<dt class='gallery-icon portrait'>\n\t\t\t\t<a title=\"wiorkowe obrazki\" href='https:\/\/www.sosw.elblag.com.pl\/wp-content\/uploads\/2015\/10\/wiorkowe-obrazki1.jpg'><img loading=\"lazy\" decoding=\"async\" width=\"200\" height=\"200\" src=\"https:\/\/www.sosw.elblag.com.pl\/wp-content\/uploads\/2015\/10\/wiorkowe-obrazki1-200x200.jpg\" class=\"attachment-thumbnail size-thumbnail\" alt=\"\" \/><\/a>\n\t\t\t<\/dt><\/dl><dl class='gallery-item'>\n\t\t\t<dt class='gallery-icon portrait'>\n\t\t\t\t<a title=\"wiorkowe obrazki\" href='https:\/\/www.sosw.elblag.com.pl\/wp-content\/uploads\/2015\/10\/wiorkowe-obrazki2.jpg'><img loading=\"lazy\" decoding=\"async\" width=\"200\" height=\"200\" src=\"https:\/\/www.sosw.elblag.com.pl\/wp-content\/uploads\/2015\/10\/wiorkowe-obrazki2-200x200.jpg\" class=\"attachment-thumbnail size-thumbnail\" alt=\"\" \/><\/a>\n\t\t\t<\/dt><\/dl><br style=\"clear: both\" \/><dl class='gallery-item'>\n\t\t\t<dt class='gallery-icon portrait'>\n\t\t\t\t<a title=\"wiorkowe obrazki\" href='https:\/\/www.sosw.elblag.com.pl\/wp-content\/uploads\/2015\/10\/wiorkowe-obrazki3.jpg'><img loading=\"lazy\" decoding=\"async\" width=\"200\" height=\"200\" src=\"https:\/\/www.sosw.elblag.com.pl\/wp-content\/uploads\/2015\/10\/wiorkowe-obrazki3-200x200.jpg\" class=\"attachment-thumbnail size-thumbnail\" alt=\"\" \/><\/a>\n\t\t\t<\/dt><\/dl><dl class='gallery-item'>\n\t\t\t<dt class='gallery-icon landscape'>\n\t\t\t\t<a title=\"wiorkowe obrazki\" href='https:\/\/www.sosw.elblag.com.pl\/wp-content\/uploads\/2015\/10\/wiorkowe-obrazki4.jpg'><img loading=\"lazy\" decoding=\"async\" width=\"200\" height=\"200\" src=\"https:\/\/www.sosw.elblag.com.pl\/wp-content\/uploads\/2015\/10\/wiorkowe-obrazki4-200x200.jpg\" class=\"attachment-thumbnail size-thumbnail\" alt=\"\" \/><\/a>\n\t\t\t<\/dt><\/dl><br style=\"clear: both\" \/><dl class='gallery-item'>\n\t\t\t<dt class='gallery-icon portrait'>\n\t\t\t\t<a title=\"wiorkowe obrazki\" href='https:\/\/www.sosw.elblag.com.pl\/wp-content\/uploads\/2015\/10\/wiorkowe-obrazki5.jpg'><img loading=\"lazy\" decoding=\"async\" width=\"200\" height=\"200\" src=\"https:\/\/www.sosw.elblag.com.pl\/wp-content\/uploads\/2015\/10\/wiorkowe-obrazki5-200x200.jpg\" class=\"attachment-thumbnail size-thumbnail\" alt=\"\" \/><\/a>\n\t\t\t<\/dt><\/dl><dl class='gallery-item'>\n\t\t\t<dt class='gallery-icon portrait'>\n\t\t\t\t<a title=\"wiorkowe obrazki\" href='https:\/\/www.sosw.elblag.com.pl\/wp-content\/uploads\/2015\/10\/wiorkowe-obrazki6.jpg'><img loading=\"lazy\" decoding=\"async\" width=\"200\" height=\"200\" src=\"https:\/\/www.sosw.elblag.com.pl\/wp-content\/uploads\/2015\/10\/wiorkowe-obrazki6-200x200.jpg\" class=\"attachment-thumbnail size-thumbnail\" alt=\"\" \/><\/a>\n\t\t\t<\/dt><\/dl><br style=\"clear: both\" \/>\n\t\t<\/div>\n\n","protected":false},"excerpt":{"rendered":"<p>Obecny rok szkolny to kolejny, w kt\u00f3rym zespo\u0142y edukacyjno- terapeutyczne\u00a0 gimnazjum II i III b podj\u0119\u0142y wsp\u00f3\u0142prac\u0119 z plastykiem elbl\u0105skim p. Bogdanem <a class=\"more-link\" href=\"https:\/\/www.sosw.elblag.com.pl\/index.php\/2015\/10\/15\/wiorkowe-obrazki\/\">Czytaj dalej&#8230;<\/a><\/p>\n","protected":false},"author":1,"featured_media":1248,"comment_status":"closed","ping_status":"open","sticky":false,"template":"","format":"standard","meta":{"footnotes":""},"categories":[3],"tags":[],"class_list":["post-1243","post","type-post","status-publish","format-standard","has-post-thumbnail","hentry","category-z-zycia-osrodka"],"_links":{"self":[{"href":"https:\/\/www.sosw.elblag.com.pl\/index.php\/wp-json\/wp\/v2\/posts\/1243","targetHints":{"allow":["GET"]}}],"collection":[{"href":"https:\/\/www.sosw.elblag.com.pl\/index.php\/wp-json\/wp\/v2\/posts"}],"about":[{"href":"https:\/\/www.sosw.elblag.com.pl\/index.php\/wp-json\/wp\/v2\/types\/post"}],"author":[{"embeddable":true,"href":"https:\/\/www.sosw.elblag.com.pl\/index.php\/wp-json\/wp\/v2\/users\/1"}],"replies":[{"embeddable":true,"href":"https:\/\/www.sosw.elblag.com.pl\/index.php\/wp-json\/wp\/v2\/comments?post=1243"}],"version-history":[{"count":2,"href":"https:\/\/www.sosw.elblag.com.pl\/index.php\/wp-json\/wp\/v2\/posts\/1243\/revisions"}],"predecessor-version":[{"id":1297,"href":"https:\/\/www.sosw.elblag.com.pl\/index.php\/wp-json\/wp\/v2\/posts\/1243\/revisions\/1297"}],"wp:featuredmedia":[{"embeddable":true,"href":"https:\/\/www.sosw.elblag.com.pl\/index.php\/wp-json\/wp\/v2\/media\/1248"}],"wp:attachment":[{"href":"https:\/\/www.sosw.elblag.com.pl\/index.php\/wp-json\/wp\/v2\/media?parent=1243"}],"wp:term":[{"taxonomy":"category","embeddable":true,"href":"https:\/\/www.sosw.elblag.com.pl\/index.php\/wp-json\/wp\/v2\/categories?post=1243"},{"taxonomy":"post_tag","embeddable":true,"href":"https:\/\/www.sosw.elblag.com.pl\/index.php\/wp-json\/wp\/v2\/tags?post=1243"}],"curies":[{"name":"wp","href":"https:\/\/api.w.org\/{rel}","templated":true}]}}