{"id":1235,"date":"2015-10-15T19:36:21","date_gmt":"2015-10-15T17:36:21","guid":{"rendered":"http:\/\/www.sosw.elblag.com.pl\/?p=1235"},"modified":"2015-10-19T10:58:42","modified_gmt":"2015-10-19T08:58:42","slug":"dzien-edukacji-narodowej","status":"publish","type":"post","link":"https:\/\/www.sosw.elblag.com.pl\/index.php\/2015\/10\/15\/dzien-edukacji-narodowej\/","title":{"rendered":"Dzie\u0144 Edukacji Narodowej"},"content":{"rendered":"<p style=\"text-align: justify;\">Jak co roku, zesp\u00f3\u0142 \u201eKoperniczki\u201d u\u015bwietni\u0142 swoim programem artystycznym akademi\u0119 z okazji Dnia Edukacji Narodowej. Program by\u0142 wyj\u0105tkowy, przenie\u015bli\u015bmy si\u0119 do Hollywood, na czerwony dywan. Akademia Wiedzy o Szkole przyzna\u0142a Z\u0142ote Oskary w 19 kategoriach: \u201eZ\u0142oty gospodarz\u201d, \u201ePomys\u0142 roku- gitaroterapia\u201d, \u201eDebiut Roku\u201d, \u201eGrupa wsparcia\u201d, \u201eBratnia dusza\u201d, \u201eZ\u0142ota ksi\u0119ga\u201d, \u201eZ\u0142ote pi\u00f3ro\u201d, \u201eSi\u00f3dmy zmys\u0142\u201d, \u201eNajszybszy nauczyciel\u201d, \u201eZ\u0142oty artysta\u201d, \u201eZ\u0142ota patelnia\u201d, \u201eZ\u0142ote skrzyd\u0142a\u201d, \u201eBezpieczna przysta\u0144\u201d, \u201eDrugi dom\u201d, \u201eZ\u0142oty o\u0142\u00f3wek\u201d, \u201eMolik ksi\u0105\u017ckowy\u201d, \u201eZ\u0142ote liczyd\u0142o\u201d, \u201ePomocna d\u0142o\u0144\u201d i \u201eZ\u0142ota r\u0105czka\u201d. \u201eOskary zosta\u0142y wykonane w pracowni Pana Jana Zgiepa (dzi\u0119kujemy!).<\/p>\n<p style=\"text-align: justify;\">Zesp\u00f3\u0142 \u201eKoperniczki\u201d wykona\u0142 piosenki znane wszystkim obecnym go\u015bciom, dzi\u0119kujemy za wsp\u00f3lny \u015bpiew i przyjazn\u0105 atmosfer\u0119.<\/p>\n<p style=\"text-align: justify;\">Atrakcj\u0105 programu by\u0142 wyst\u0119p Orkiestry Filharmonik\u00f3w Wiede\u0144skich, kt\u00f3ra\u00a0z brawur\u0105 wykona\u0142a \u201eMarsz Radeckiego\u201d Joanna Straussa. Owacje na stoj\u0105co nagrodzi\u0142y wspania\u0142y wyst\u0119p m\u0142odych artyst\u00f3w.<\/p>\n<p>Przygotowanie:<br \/>\nW. Szczepa\u0144ska<br \/>\nO. \u015awiatkowska<br \/>\nM. Zalewska<\/p>\n\n\t\t<style type=\"text\/css\">\n\t\t\t#gallery-1 {\n\t\t\t\tmargin: auto;\n\t\t\t}\n\t\t\t#gallery-1 .gallery-item {\n\t\t\t\tfloat: left;\n\t\t\t\tmargin-top: 10px;\n\t\t\t\ttext-align: center;\n\t\t\t\twidth: 50%;\n\t\t\t}\n\t\t\t#gallery-1 img {\n\t\t\t\tborder: 2px solid #cfcfcf;\n\t\t\t}\n\t\t\t#gallery-1 .gallery-caption {\n\t\t\t\tmargin-left: 0;\n\t\t\t}\n\t\t\t\/* see gallery_shortcode() in wp-includes\/media.php *\/\n\t\t<\/style>\n\t\t<div id='gallery-1' class='gallery galleryid-1235 gallery-columns-2 gallery-size-thumbnail'><dl class='gallery-item'>\n\t\t\t<dt class='gallery-icon landscape'>\n\t\t\t\t<a title=\"Filharmonicy Wiede\u0144scy\" href='https:\/\/www.sosw.elblag.com.pl\/wp-content\/uploads\/2015\/10\/Filharmonicy-Wiede\u0144scy.jpg'><img loading=\"lazy\" decoding=\"async\" width=\"200\" height=\"200\" src=\"https:\/\/www.sosw.elblag.com.pl\/wp-content\/uploads\/2015\/10\/Filharmonicy-Wiede\u0144scy-200x200.jpg\" class=\"attachment-thumbnail size-thumbnail\" alt=\"\" \/><\/a>\n\t\t\t<\/dt><\/dl><dl class='gallery-item'>\n\t\t\t<dt class='gallery-icon landscape'>\n\t\t\t\t<a title=\"Koperniczki 2\" href='https:\/\/www.sosw.elblag.com.pl\/wp-content\/uploads\/2015\/10\/Koperniczki-2.jpg'><img loading=\"lazy\" decoding=\"async\" width=\"200\" height=\"200\" src=\"https:\/\/www.sosw.elblag.com.pl\/wp-content\/uploads\/2015\/10\/Koperniczki-2-200x200.jpg\" class=\"attachment-thumbnail size-thumbnail\" alt=\"\" \/><\/a>\n\t\t\t<\/dt><\/dl><br style=\"clear: both\" \/><dl class='gallery-item'>\n\t\t\t<dt class='gallery-icon landscape'>\n\t\t\t\t<a title=\"Koperniczki DEN\" href='https:\/\/www.sosw.elblag.com.pl\/wp-content\/uploads\/2015\/10\/Koperniczki-DEN.jpg'><img loading=\"lazy\" decoding=\"async\" width=\"200\" height=\"200\" src=\"https:\/\/www.sosw.elblag.com.pl\/wp-content\/uploads\/2015\/10\/Koperniczki-DEN-200x200.jpg\" class=\"attachment-thumbnail size-thumbnail\" alt=\"\" \/><\/a>\n\t\t\t<\/dt><\/dl><dl class='gallery-item'>\n\t\t\t<dt class='gallery-icon landscape'>\n\t\t\t\t<a title=\"Koperniczki\" href='https:\/\/www.sosw.elblag.com.pl\/wp-content\/uploads\/2015\/10\/Koperniczki.jpg'><img loading=\"lazy\" decoding=\"async\" width=\"200\" height=\"200\" src=\"https:\/\/www.sosw.elblag.com.pl\/wp-content\/uploads\/2015\/10\/Koperniczki-200x200.jpg\" class=\"attachment-thumbnail size-thumbnail\" alt=\"\" \/><\/a>\n\t\t\t<\/dt><\/dl><br style=\"clear: both\" \/><dl class='gallery-item'>\n\t\t\t<dt class='gallery-icon landscape'>\n\t\t\t\t<a title=\"Z\u0142oty gospodarz\" href='https:\/\/www.sosw.elblag.com.pl\/wp-content\/uploads\/2015\/10\/Z\u0142oty-gospodarz.jpg'><img loading=\"lazy\" decoding=\"async\" width=\"200\" height=\"200\" src=\"https:\/\/www.sosw.elblag.com.pl\/wp-content\/uploads\/2015\/10\/Z\u0142oty-gospodarz-200x200.jpg\" class=\"attachment-thumbnail size-thumbnail\" alt=\"\" \/><\/a>\n\t\t\t<\/dt><\/dl><dl class='gallery-item'>\n\t\t\t<dt class='gallery-icon landscape'>\n\t\t\t\t<a title=\"Z\u0142ota r\u0105czka\" href='https:\/\/www.sosw.elblag.com.pl\/wp-content\/uploads\/2015\/10\/Z\u0142ota-r\u0105czka.jpg'><img loading=\"lazy\" decoding=\"async\" width=\"200\" height=\"200\" src=\"https:\/\/www.sosw.elblag.com.pl\/wp-content\/uploads\/2015\/10\/Z\u0142ota-r\u0105czka-200x200.jpg\" class=\"attachment-thumbnail size-thumbnail\" alt=\"\" \/><\/a>\n\t\t\t<\/dt><\/dl><br style=\"clear: both\" \/>\n\t\t<\/div>\n\n","protected":false},"excerpt":{"rendered":"<p>Jak co roku, zesp\u00f3\u0142 \u201eKoperniczki\u201d u\u015bwietni\u0142 swoim programem artystycznym akademi\u0119 z okazji Dnia Edukacji Narodowej. Program by\u0142 wyj\u0105tkowy, przenie\u015bli\u015bmy si\u0119 do Hollywood, <a class=\"more-link\" href=\"https:\/\/www.sosw.elblag.com.pl\/index.php\/2015\/10\/15\/dzien-edukacji-narodowej\/\">Czytaj dalej&#8230;<\/a><\/p>\n","protected":false},"author":1,"featured_media":1237,"comment_status":"closed","ping_status":"open","sticky":false,"template":"","format":"standard","meta":{"footnotes":""},"categories":[3],"tags":[],"class_list":["post-1235","post","type-post","status-publish","format-standard","has-post-thumbnail","hentry","category-z-zycia-osrodka"],"_links":{"self":[{"href":"https:\/\/www.sosw.elblag.com.pl\/index.php\/wp-json\/wp\/v2\/posts\/1235","targetHints":{"allow":["GET"]}}],"collection":[{"href":"https:\/\/www.sosw.elblag.com.pl\/index.php\/wp-json\/wp\/v2\/posts"}],"about":[{"href":"https:\/\/www.sosw.elblag.com.pl\/index.php\/wp-json\/wp\/v2\/types\/post"}],"author":[{"embeddable":true,"href":"https:\/\/www.sosw.elblag.com.pl\/index.php\/wp-json\/wp\/v2\/users\/1"}],"replies":[{"embeddable":true,"href":"https:\/\/www.sosw.elblag.com.pl\/index.php\/wp-json\/wp\/v2\/comments?post=1235"}],"version-history":[{"count":2,"href":"https:\/\/www.sosw.elblag.com.pl\/index.php\/wp-json\/wp\/v2\/posts\/1235\/revisions"}],"predecessor-version":[{"id":1298,"href":"https:\/\/www.sosw.elblag.com.pl\/index.php\/wp-json\/wp\/v2\/posts\/1235\/revisions\/1298"}],"wp:featuredmedia":[{"embeddable":true,"href":"https:\/\/www.sosw.elblag.com.pl\/index.php\/wp-json\/wp\/v2\/media\/1237"}],"wp:attachment":[{"href":"https:\/\/www.sosw.elblag.com.pl\/index.php\/wp-json\/wp\/v2\/media?parent=1235"}],"wp:term":[{"taxonomy":"category","embeddable":true,"href":"https:\/\/www.sosw.elblag.com.pl\/index.php\/wp-json\/wp\/v2\/categories?post=1235"},{"taxonomy":"post_tag","embeddable":true,"href":"https:\/\/www.sosw.elblag.com.pl\/index.php\/wp-json\/wp\/v2\/tags?post=1235"}],"curies":[{"name":"wp","href":"https:\/\/api.w.org\/{rel}","templated":true}]}}