{"id":1229,"date":"2015-10-15T12:49:11","date_gmt":"2015-10-15T10:49:11","guid":{"rendered":"http:\/\/www.sosw.elblag.com.pl\/?p=1229"},"modified":"2015-10-19T10:59:06","modified_gmt":"2015-10-19T08:59:06","slug":"wizyta-w-areszcie-sledczym","status":"publish","type":"post","link":"https:\/\/www.sosw.elblag.com.pl\/index.php\/2015\/10\/15\/wizyta-w-areszcie-sledczym\/","title":{"rendered":"Wizyta w Areszcie \u015aledczym"},"content":{"rendered":"<p style=\"text-align: justify;\">Dnia 12.10.2015 r. wychowankowie Grup Wychowawczych wraz z zaprzyja\u017anion\u0105 klas\u0105 II kucharz udali si\u0119 z wizyt\u0105 na zaj\u0119cia profilaktyczne do Aresztu \u015aledczego w Elbl\u0105gu. Spotkanie rozpocz\u0119\u0142o si\u0119 od przedstawiania przez pana mjr Krzysztofa Maroszka specyfiki jednostki i jej przeznaczenia. Uczniowie mieli mo\u017cliwo\u015b\u0107 zwiedzi\u0107 Areszt, gdzie zobaczyli m.in. oddzia\u0142 mieszkalny dla osadzonych, place spacerowe, cele izolacyjn\u0105 i \u015bwietlice. Kolejnym punktem wizyty by\u0142o spotkanie z osadzonymi i poznanie ich historii \u017cycia. M\u0142odzie\u017c by\u0142a pod du\u017cym wra\u017ceniem ca\u0142ej wizyty, budynku i warunk\u00f3w, w jakich przebywaj\u0105 wi\u0119\u017aniowie. Na pewno by\u0142a to pewna lekcja przestrogi, kt\u00f3r\u0105 zapami\u0119taj\u0105 do ko\u0144ca \u017cycia. G\u0142\u00f3wnym celem spotkania by\u0142a profilaktyka zachowa\u0144 niepo\u017c\u0105danych poprzez zapoznawanie uczni\u00f3w z obowi\u0105zuj\u0105cymi regulacjami prawnymi dotycz\u0105cymi przest\u0119pczo\u015bci oraz jej konsekwencjami (nie tylko prawnymi, ale r\u00f3wnie\u017c spo\u0142ecznymi, kt\u00f3rych u\u015bwiadomienie mia\u0142a u\u0142atwi\u0107 konfrontacja z realiami odbywania kary pozbawienia wolno\u015bci). Wizyta odby\u0142a si\u0119 w ramach realizowanego przez Areszt \u015aledczy programu profilaktycznego \u201ePomy\u015bl o sobie\u201d. Jednostka poprzez organizacje wizyt studyjnych i prowadzenie zaj\u0119\u0107 edukacyjno &#8211; profilaktycznych wspiera dzia\u0142ania szk\u00f3\u0142 i plac\u00f3wek w obszarze oddzia\u0142ywa\u0144 wychowawczych i profilaktycznych wobec uczni\u00f3w.<\/p>\n<p>Organizator: Ewa Karpowicz<br \/>\nWsp\u00f3\u0142praca: Wies\u0142awa Palkowska<\/p>\n\n\t\t<style type=\"text\/css\">\n\t\t\t#gallery-1 {\n\t\t\t\tmargin: auto;\n\t\t\t}\n\t\t\t#gallery-1 .gallery-item {\n\t\t\t\tfloat: left;\n\t\t\t\tmargin-top: 10px;\n\t\t\t\ttext-align: center;\n\t\t\t\twidth: 50%;\n\t\t\t}\n\t\t\t#gallery-1 img {\n\t\t\t\tborder: 2px solid #cfcfcf;\n\t\t\t}\n\t\t\t#gallery-1 .gallery-caption {\n\t\t\t\tmargin-left: 0;\n\t\t\t}\n\t\t\t\/* see gallery_shortcode() in wp-includes\/media.php *\/\n\t\t<\/style>\n\t\t<div id='gallery-1' class='gallery galleryid-1229 gallery-columns-2 gallery-size-thumbnail'><dl class='gallery-item'>\n\t\t\t<dt class='gallery-icon landscape'>\n\t\t\t\t<a title=\"1_areszt\" href='https:\/\/www.sosw.elblag.com.pl\/wp-content\/uploads\/2015\/10\/1_areszt.jpg'><img loading=\"lazy\" decoding=\"async\" width=\"200\" height=\"200\" src=\"https:\/\/www.sosw.elblag.com.pl\/wp-content\/uploads\/2015\/10\/1_areszt-200x200.jpg\" class=\"attachment-thumbnail size-thumbnail\" alt=\"\" \/><\/a>\n\t\t\t<\/dt><\/dl><dl class='gallery-item'>\n\t\t\t<dt class='gallery-icon landscape'>\n\t\t\t\t<a title=\"2_areszt\" href='https:\/\/www.sosw.elblag.com.pl\/wp-content\/uploads\/2015\/10\/2_areszt.jpg'><img loading=\"lazy\" decoding=\"async\" width=\"200\" height=\"200\" src=\"https:\/\/www.sosw.elblag.com.pl\/wp-content\/uploads\/2015\/10\/2_areszt-200x200.jpg\" class=\"attachment-thumbnail size-thumbnail\" alt=\"\" \/><\/a>\n\t\t\t<\/dt><\/dl><br style=\"clear: both\" \/><dl class='gallery-item'>\n\t\t\t<dt class='gallery-icon landscape'>\n\t\t\t\t<a title=\"3_areszt\" href='https:\/\/www.sosw.elblag.com.pl\/wp-content\/uploads\/2015\/10\/3_areszt.jpg'><img loading=\"lazy\" decoding=\"async\" width=\"200\" height=\"200\" src=\"https:\/\/www.sosw.elblag.com.pl\/wp-content\/uploads\/2015\/10\/3_areszt-200x200.jpg\" class=\"attachment-thumbnail size-thumbnail\" alt=\"\" \/><\/a>\n\t\t\t<\/dt><\/dl><dl class='gallery-item'>\n\t\t\t<dt class='gallery-icon landscape'>\n\t\t\t\t<a title=\"4_areszt\" href='https:\/\/www.sosw.elblag.com.pl\/wp-content\/uploads\/2015\/10\/4_areszt.jpg'><img loading=\"lazy\" decoding=\"async\" width=\"200\" height=\"200\" src=\"https:\/\/www.sosw.elblag.com.pl\/wp-content\/uploads\/2015\/10\/4_areszt-200x200.jpg\" class=\"attachment-thumbnail size-thumbnail\" alt=\"\" \/><\/a>\n\t\t\t<\/dt><\/dl><br style=\"clear: both\" \/>\n\t\t<\/div>\n\n","protected":false},"excerpt":{"rendered":"<p>Dnia 12.10.2015 r. wychowankowie Grup Wychowawczych wraz z zaprzyja\u017anion\u0105 klas\u0105 II kucharz udali si\u0119 z wizyt\u0105 na zaj\u0119cia profilaktyczne do Aresztu \u015aledczego <a class=\"more-link\" href=\"https:\/\/www.sosw.elblag.com.pl\/index.php\/2015\/10\/15\/wizyta-w-areszcie-sledczym\/\">Czytaj dalej&#8230;<\/a><\/p>\n","protected":false},"author":1,"featured_media":1230,"comment_status":"closed","ping_status":"open","sticky":false,"template":"","format":"standard","meta":{"footnotes":""},"categories":[3],"tags":[],"class_list":["post-1229","post","type-post","status-publish","format-standard","has-post-thumbnail","hentry","category-z-zycia-osrodka"],"_links":{"self":[{"href":"https:\/\/www.sosw.elblag.com.pl\/index.php\/wp-json\/wp\/v2\/posts\/1229","targetHints":{"allow":["GET"]}}],"collection":[{"href":"https:\/\/www.sosw.elblag.com.pl\/index.php\/wp-json\/wp\/v2\/posts"}],"about":[{"href":"https:\/\/www.sosw.elblag.com.pl\/index.php\/wp-json\/wp\/v2\/types\/post"}],"author":[{"embeddable":true,"href":"https:\/\/www.sosw.elblag.com.pl\/index.php\/wp-json\/wp\/v2\/users\/1"}],"replies":[{"embeddable":true,"href":"https:\/\/www.sosw.elblag.com.pl\/index.php\/wp-json\/wp\/v2\/comments?post=1229"}],"version-history":[{"count":2,"href":"https:\/\/www.sosw.elblag.com.pl\/index.php\/wp-json\/wp\/v2\/posts\/1229\/revisions"}],"predecessor-version":[{"id":1299,"href":"https:\/\/www.sosw.elblag.com.pl\/index.php\/wp-json\/wp\/v2\/posts\/1229\/revisions\/1299"}],"wp:featuredmedia":[{"embeddable":true,"href":"https:\/\/www.sosw.elblag.com.pl\/index.php\/wp-json\/wp\/v2\/media\/1230"}],"wp:attachment":[{"href":"https:\/\/www.sosw.elblag.com.pl\/index.php\/wp-json\/wp\/v2\/media?parent=1229"}],"wp:term":[{"taxonomy":"category","embeddable":true,"href":"https:\/\/www.sosw.elblag.com.pl\/index.php\/wp-json\/wp\/v2\/categories?post=1229"},{"taxonomy":"post_tag","embeddable":true,"href":"https:\/\/www.sosw.elblag.com.pl\/index.php\/wp-json\/wp\/v2\/tags?post=1229"}],"curies":[{"name":"wp","href":"https:\/\/api.w.org\/{rel}","templated":true}]}}