{"id":1190,"date":"2015-10-14T19:43:03","date_gmt":"2015-10-14T17:43:03","guid":{"rendered":"http:\/\/www.sosw.elblag.com.pl\/?p=1190"},"modified":"2015-10-19T10:59:26","modified_gmt":"2015-10-19T08:59:26","slug":"wizyta-grupy-przyjaciol-ksiazki-z-sp-nr-9","status":"publish","type":"post","link":"https:\/\/www.sosw.elblag.com.pl\/index.php\/2015\/10\/14\/wizyta-grupy-przyjaciol-ksiazki-z-sp-nr-9\/","title":{"rendered":"Wizyta grupy \u201ePrzyjaci\u00f3\u0142 ksi\u0105\u017cki\u201d z SP Nr 9"},"content":{"rendered":"<p style=\"text-align: justify;\">13.10.2015 zespo\u0142y edukacyjno-terapeutyczne Ia i IIa go\u015bci\u0142y u siebie uczni\u00f3w z SP Nr 9 &#8211; grup\u0119 \u201ePrzyjaci\u00f3\u0142 ksi\u0105\u017cki\u201d. To nasze pierwsze w tym roku szkolnym spotkanie, kt\u00f3remu przewodzi\u0142 wiersz i opowiadanie o tematyce jesiennej. Dzieci pozna\u0142y si\u0119 wzajemnie, razem si\u0119 uczy\u0142y i razem bawi\u0142y. Pod ogromnym wra\u017ceniem wsp\u00f3lnie sp\u0119dzonego czasu uczniowie nie mog\u0105 si\u0119 ju\u017c doczeka\u0107 kolejnych zaj\u0119\u0107, w kontakcie z literatur\u0105 dzieci\u0119c\u0105.<\/p>\n<p>Beata Maj<br \/>\nMagda Kowalczyk &#8211; Zielonka<\/p>\n\n\t\t<style type=\"text\/css\">\n\t\t\t#gallery-1 {\n\t\t\t\tmargin: auto;\n\t\t\t}\n\t\t\t#gallery-1 .gallery-item {\n\t\t\t\tfloat: left;\n\t\t\t\tmargin-top: 10px;\n\t\t\t\ttext-align: center;\n\t\t\t\twidth: 50%;\n\t\t\t}\n\t\t\t#gallery-1 img {\n\t\t\t\tborder: 2px solid #cfcfcf;\n\t\t\t}\n\t\t\t#gallery-1 .gallery-caption {\n\t\t\t\tmargin-left: 0;\n\t\t\t}\n\t\t\t\/* see gallery_shortcode() in wp-includes\/media.php *\/\n\t\t<\/style>\n\t\t<div id='gallery-1' class='gallery galleryid-1190 gallery-columns-2 gallery-size-thumbnail'><dl class='gallery-item'>\n\t\t\t<dt class='gallery-icon landscape'>\n\t\t\t\t<a title=\"wierszem jesien sie zaczyna 1\" href='https:\/\/www.sosw.elblag.com.pl\/wp-content\/uploads\/2015\/10\/wierszem-jesien-sie-zaczyna-1.jpg'><img loading=\"lazy\" decoding=\"async\" width=\"200\" height=\"200\" src=\"https:\/\/www.sosw.elblag.com.pl\/wp-content\/uploads\/2015\/10\/wierszem-jesien-sie-zaczyna-1-200x200.jpg\" class=\"attachment-thumbnail size-thumbnail\" alt=\"\" \/><\/a>\n\t\t\t<\/dt><\/dl><dl class='gallery-item'>\n\t\t\t<dt class='gallery-icon landscape'>\n\t\t\t\t<a title=\"wierszem jesien sie zaczyna 2\" href='https:\/\/www.sosw.elblag.com.pl\/wp-content\/uploads\/2015\/10\/wierszem-jesien-sie-zaczyna-2.jpg'><img loading=\"lazy\" decoding=\"async\" width=\"200\" height=\"200\" src=\"https:\/\/www.sosw.elblag.com.pl\/wp-content\/uploads\/2015\/10\/wierszem-jesien-sie-zaczyna-2-200x200.jpg\" class=\"attachment-thumbnail size-thumbnail\" alt=\"\" \/><\/a>\n\t\t\t<\/dt><\/dl><br style=\"clear: both\" \/><dl class='gallery-item'>\n\t\t\t<dt class='gallery-icon landscape'>\n\t\t\t\t<a title=\"wierszem jesien sie zaczyna 3\" href='https:\/\/www.sosw.elblag.com.pl\/wp-content\/uploads\/2015\/10\/wierszem-jesien-sie-zaczyna-3.jpg'><img loading=\"lazy\" decoding=\"async\" width=\"200\" height=\"200\" src=\"https:\/\/www.sosw.elblag.com.pl\/wp-content\/uploads\/2015\/10\/wierszem-jesien-sie-zaczyna-3-200x200.jpg\" class=\"attachment-thumbnail size-thumbnail\" alt=\"\" \/><\/a>\n\t\t\t<\/dt><\/dl><dl class='gallery-item'>\n\t\t\t<dt class='gallery-icon portrait'>\n\t\t\t\t<a title=\"wierszem jesien sie zaczyna 4\" href='https:\/\/www.sosw.elblag.com.pl\/wp-content\/uploads\/2015\/10\/wierszem-jesien-sie-zaczyna-4.jpg'><img loading=\"lazy\" decoding=\"async\" width=\"200\" height=\"200\" src=\"https:\/\/www.sosw.elblag.com.pl\/wp-content\/uploads\/2015\/10\/wierszem-jesien-sie-zaczyna-4-200x200.jpg\" class=\"attachment-thumbnail size-thumbnail\" alt=\"\" \/><\/a>\n\t\t\t<\/dt><\/dl><br style=\"clear: both\" \/><dl class='gallery-item'>\n\t\t\t<dt class='gallery-icon landscape'>\n\t\t\t\t<a title=\"wierszem jesien sie zaczyna 5\" href='https:\/\/www.sosw.elblag.com.pl\/wp-content\/uploads\/2015\/10\/wierszem-jesien-sie-zaczyna-5.jpg'><img loading=\"lazy\" decoding=\"async\" width=\"200\" height=\"200\" src=\"https:\/\/www.sosw.elblag.com.pl\/wp-content\/uploads\/2015\/10\/wierszem-jesien-sie-zaczyna-5-200x200.jpg\" class=\"attachment-thumbnail size-thumbnail\" alt=\"\" \/><\/a>\n\t\t\t<\/dt><\/dl><dl class='gallery-item'>\n\t\t\t<dt class='gallery-icon landscape'>\n\t\t\t\t<a title=\"wierszem jesien sie zaczyna 6\" href='https:\/\/www.sosw.elblag.com.pl\/wp-content\/uploads\/2015\/10\/wierszem-jesien-sie-zaczyna-6.jpg'><img loading=\"lazy\" decoding=\"async\" width=\"200\" height=\"200\" src=\"https:\/\/www.sosw.elblag.com.pl\/wp-content\/uploads\/2015\/10\/wierszem-jesien-sie-zaczyna-6-200x200.jpg\" class=\"attachment-thumbnail size-thumbnail\" alt=\"\" \/><\/a>\n\t\t\t<\/dt><\/dl><br style=\"clear: both\" \/>\n\t\t<\/div>\n\n<p style=\"text-align: justify;\">\n","protected":false},"excerpt":{"rendered":"<p>13.10.2015 zespo\u0142y edukacyjno-terapeutyczne Ia i IIa go\u015bci\u0142y u siebie uczni\u00f3w z SP Nr 9 &#8211; grup\u0119 \u201ePrzyjaci\u00f3\u0142 ksi\u0105\u017cki\u201d. To nasze pierwsze w <a class=\"more-link\" href=\"https:\/\/www.sosw.elblag.com.pl\/index.php\/2015\/10\/14\/wizyta-grupy-przyjaciol-ksiazki-z-sp-nr-9\/\">Czytaj dalej&#8230;<\/a><\/p>\n","protected":false},"author":1,"featured_media":1192,"comment_status":"closed","ping_status":"open","sticky":false,"template":"","format":"standard","meta":{"footnotes":""},"categories":[3],"tags":[],"class_list":["post-1190","post","type-post","status-publish","format-standard","has-post-thumbnail","hentry","category-z-zycia-osrodka"],"_links":{"self":[{"href":"https:\/\/www.sosw.elblag.com.pl\/index.php\/wp-json\/wp\/v2\/posts\/1190","targetHints":{"allow":["GET"]}}],"collection":[{"href":"https:\/\/www.sosw.elblag.com.pl\/index.php\/wp-json\/wp\/v2\/posts"}],"about":[{"href":"https:\/\/www.sosw.elblag.com.pl\/index.php\/wp-json\/wp\/v2\/types\/post"}],"author":[{"embeddable":true,"href":"https:\/\/www.sosw.elblag.com.pl\/index.php\/wp-json\/wp\/v2\/users\/1"}],"replies":[{"embeddable":true,"href":"https:\/\/www.sosw.elblag.com.pl\/index.php\/wp-json\/wp\/v2\/comments?post=1190"}],"version-history":[{"count":4,"href":"https:\/\/www.sosw.elblag.com.pl\/index.php\/wp-json\/wp\/v2\/posts\/1190\/revisions"}],"predecessor-version":[{"id":1300,"href":"https:\/\/www.sosw.elblag.com.pl\/index.php\/wp-json\/wp\/v2\/posts\/1190\/revisions\/1300"}],"wp:featuredmedia":[{"embeddable":true,"href":"https:\/\/www.sosw.elblag.com.pl\/index.php\/wp-json\/wp\/v2\/media\/1192"}],"wp:attachment":[{"href":"https:\/\/www.sosw.elblag.com.pl\/index.php\/wp-json\/wp\/v2\/media?parent=1190"}],"wp:term":[{"taxonomy":"category","embeddable":true,"href":"https:\/\/www.sosw.elblag.com.pl\/index.php\/wp-json\/wp\/v2\/categories?post=1190"},{"taxonomy":"post_tag","embeddable":true,"href":"https:\/\/www.sosw.elblag.com.pl\/index.php\/wp-json\/wp\/v2\/tags?post=1190"}],"curies":[{"name":"wp","href":"https:\/\/api.w.org\/{rel}","templated":true}]}}