{"id":1175,"date":"2015-10-14T17:02:37","date_gmt":"2015-10-14T15:02:37","guid":{"rendered":"http:\/\/www.sosw.elblag.com.pl\/?p=1175"},"modified":"2015-10-19T10:59:47","modified_gmt":"2015-10-19T08:59:47","slug":"akademia-z-okazji-dnia-edukacji-narodowej","status":"publish","type":"post","link":"https:\/\/www.sosw.elblag.com.pl\/index.php\/2015\/10\/14\/akademia-z-okazji-dnia-edukacji-narodowej\/","title":{"rendered":"Akademia z okazji Dnia Edukacji Narodowej"},"content":{"rendered":"<p style=\"text-align: justify;\">Dzie\u0144 Edukacji Narodowej to wa\u017cna chwila w \u017cyciu ka\u017cdej szko\u0142y oraz plac\u00f3wki edukacyjnej. To czas wyr\u00f3\u017cnie\u0144, wspomnie\u0144, retrospekcji. Dzisiejszy w naszym o\u015brodku odby\u0142 si\u0119 w konwencji Oscar\u00f3w i czerwonego dywanu. Nie zabrak\u0142o Filharmonik\u00f3w Wiede\u0144skich i Marszu Radetzkiego. Szczeg\u00f3lnymi i wyj\u0105tkowymi Go\u015b\u0107mi byli emerytowani pracownicy naszej plac\u00f3wki. To dobry i pi\u0119kny zwyczaj, kt\u00f3ry kultywujemy. Osobi\u015bcie otrzyma\u0142em Oscara w kategorii &#8222;Z\u0142oty gospodarz&#8221;.<\/p>\n<p style=\"text-align: justify;\">Dyrektor Leszek Iwa\u0144czuk<\/p>\n\n\t\t<style type=\"text\/css\">\n\t\t\t#gallery-1 {\n\t\t\t\tmargin: auto;\n\t\t\t}\n\t\t\t#gallery-1 .gallery-item {\n\t\t\t\tfloat: left;\n\t\t\t\tmargin-top: 10px;\n\t\t\t\ttext-align: center;\n\t\t\t\twidth: 33%;\n\t\t\t}\n\t\t\t#gallery-1 img {\n\t\t\t\tborder: 2px solid #cfcfcf;\n\t\t\t}\n\t\t\t#gallery-1 .gallery-caption {\n\t\t\t\tmargin-left: 0;\n\t\t\t}\n\t\t\t\/* see gallery_shortcode() in wp-includes\/media.php *\/\n\t\t<\/style>\n\t\t<div id='gallery-1' class='gallery galleryid-1175 gallery-columns-3 gallery-size-thumbnail'><dl class='gallery-item'>\n\t\t\t<dt class='gallery-icon landscape'>\n\t\t\t\t<a title=\"Akademia z okazji Dnia Edukacji Narodowej\" href='https:\/\/www.sosw.elblag.com.pl\/wp-content\/uploads\/2015\/10\/Akademia-z-okazji-Dnia-Edukacji-Narodowej1.jpg'><img loading=\"lazy\" decoding=\"async\" width=\"200\" height=\"200\" src=\"https:\/\/www.sosw.elblag.com.pl\/wp-content\/uploads\/2015\/10\/Akademia-z-okazji-Dnia-Edukacji-Narodowej1-200x200.jpg\" class=\"attachment-thumbnail size-thumbnail\" alt=\"\" \/><\/a>\n\t\t\t<\/dt><\/dl><dl class='gallery-item'>\n\t\t\t<dt class='gallery-icon landscape'>\n\t\t\t\t<a title=\"Akademia z okazji Dnia Edukacji Narodowej\" href='https:\/\/www.sosw.elblag.com.pl\/wp-content\/uploads\/2015\/10\/Akademia-z-okazji-Dnia-Edukacji-Narodowej2.jpg'><img loading=\"lazy\" decoding=\"async\" width=\"200\" height=\"200\" src=\"https:\/\/www.sosw.elblag.com.pl\/wp-content\/uploads\/2015\/10\/Akademia-z-okazji-Dnia-Edukacji-Narodowej2-200x200.jpg\" class=\"attachment-thumbnail size-thumbnail\" alt=\"\" \/><\/a>\n\t\t\t<\/dt><\/dl><dl class='gallery-item'>\n\t\t\t<dt class='gallery-icon landscape'>\n\t\t\t\t<a title=\"Akademia z okazji Dnia Edukacji Narodowej\" href='https:\/\/www.sosw.elblag.com.pl\/wp-content\/uploads\/2015\/10\/Akademia-z-okazji-Dnia-Edukacji-Narodowej3.jpg'><img loading=\"lazy\" decoding=\"async\" width=\"200\" height=\"200\" src=\"https:\/\/www.sosw.elblag.com.pl\/wp-content\/uploads\/2015\/10\/Akademia-z-okazji-Dnia-Edukacji-Narodowej3-200x200.jpg\" class=\"attachment-thumbnail size-thumbnail\" alt=\"\" \/><\/a>\n\t\t\t<\/dt><\/dl><br style=\"clear: both\" \/><dl class='gallery-item'>\n\t\t\t<dt class='gallery-icon landscape'>\n\t\t\t\t<a title=\"Akademia z okazji Dnia Edukacji Narodowej\" href='https:\/\/www.sosw.elblag.com.pl\/wp-content\/uploads\/2015\/10\/Akademia-z-okazji-Dnia-Edukacji-Narodowej4.jpg'><img loading=\"lazy\" decoding=\"async\" width=\"200\" height=\"200\" src=\"https:\/\/www.sosw.elblag.com.pl\/wp-content\/uploads\/2015\/10\/Akademia-z-okazji-Dnia-Edukacji-Narodowej4-200x200.jpg\" class=\"attachment-thumbnail size-thumbnail\" alt=\"\" \/><\/a>\n\t\t\t<\/dt><\/dl><dl class='gallery-item'>\n\t\t\t<dt class='gallery-icon landscape'>\n\t\t\t\t<a title=\"Akademia z okazji Dnia Edukacji Narodowej\" href='https:\/\/www.sosw.elblag.com.pl\/wp-content\/uploads\/2015\/10\/Akademia-z-okazji-Dnia-Edukacji-Narodowej5.jpg'><img loading=\"lazy\" decoding=\"async\" width=\"200\" height=\"200\" src=\"https:\/\/www.sosw.elblag.com.pl\/wp-content\/uploads\/2015\/10\/Akademia-z-okazji-Dnia-Edukacji-Narodowej5-200x200.jpg\" class=\"attachment-thumbnail size-thumbnail\" alt=\"\" \/><\/a>\n\t\t\t<\/dt><\/dl><dl class='gallery-item'>\n\t\t\t<dt class='gallery-icon portrait'>\n\t\t\t\t<a title=\"Akademia z okazji Dnia Edukacji Narodowej\" href='https:\/\/www.sosw.elblag.com.pl\/wp-content\/uploads\/2015\/10\/Akademia-z-okazji-Dnia-Edukacji-Narodowej6.jpg'><img loading=\"lazy\" decoding=\"async\" width=\"200\" height=\"200\" src=\"https:\/\/www.sosw.elblag.com.pl\/wp-content\/uploads\/2015\/10\/Akademia-z-okazji-Dnia-Edukacji-Narodowej6-200x200.jpg\" class=\"attachment-thumbnail size-thumbnail\" alt=\"\" \/><\/a>\n\t\t\t<\/dt><\/dl><br style=\"clear: both\" \/><dl class='gallery-item'>\n\t\t\t<dt class='gallery-icon portrait'>\n\t\t\t\t<a title=\"Akademia z okazji Dnia Edukacji Narodowej\" href='https:\/\/www.sosw.elblag.com.pl\/wp-content\/uploads\/2015\/10\/Akademia-z-okazji-Dnia-Edukacji-Narodowej7.jpg'><img loading=\"lazy\" decoding=\"async\" width=\"200\" height=\"200\" src=\"https:\/\/www.sosw.elblag.com.pl\/wp-content\/uploads\/2015\/10\/Akademia-z-okazji-Dnia-Edukacji-Narodowej7-200x200.jpg\" class=\"attachment-thumbnail size-thumbnail\" alt=\"\" \/><\/a>\n\t\t\t<\/dt><\/dl><dl class='gallery-item'>\n\t\t\t<dt class='gallery-icon portrait'>\n\t\t\t\t<a title=\"Akademia z okazji Dnia Edukacji Narodowej\" href='https:\/\/www.sosw.elblag.com.pl\/wp-content\/uploads\/2015\/10\/Akademia-z-okazji-Dnia-Edukacji-Narodowej8.jpg'><img loading=\"lazy\" decoding=\"async\" width=\"200\" height=\"200\" src=\"https:\/\/www.sosw.elblag.com.pl\/wp-content\/uploads\/2015\/10\/Akademia-z-okazji-Dnia-Edukacji-Narodowej8-200x200.jpg\" class=\"attachment-thumbnail size-thumbnail\" alt=\"\" \/><\/a>\n\t\t\t<\/dt><\/dl><dl class='gallery-item'>\n\t\t\t<dt class='gallery-icon portrait'>\n\t\t\t\t<a title=\"Akademia z okazji Dnia Edukacji Narodowej\" href='https:\/\/www.sosw.elblag.com.pl\/wp-content\/uploads\/2015\/10\/Akademia-z-okazji-Dnia-Edukacji-Narodowej9.jpg'><img loading=\"lazy\" decoding=\"async\" width=\"200\" height=\"200\" src=\"https:\/\/www.sosw.elblag.com.pl\/wp-content\/uploads\/2015\/10\/Akademia-z-okazji-Dnia-Edukacji-Narodowej9-200x200.jpg\" class=\"attachment-thumbnail size-thumbnail\" alt=\"\" \/><\/a>\n\t\t\t<\/dt><\/dl><br style=\"clear: both\" \/><dl class='gallery-item'>\n\t\t\t<dt class='gallery-icon landscape'>\n\t\t\t\t<a title=\"Akademia z okazji Dnia Edukacji Narodowej\" href='https:\/\/www.sosw.elblag.com.pl\/wp-content\/uploads\/2015\/10\/Akademia-z-okazji-Dnia-Edukacji-Narodowej10.jpg'><img loading=\"lazy\" decoding=\"async\" width=\"200\" height=\"200\" src=\"https:\/\/www.sosw.elblag.com.pl\/wp-content\/uploads\/2015\/10\/Akademia-z-okazji-Dnia-Edukacji-Narodowej10-200x200.jpg\" class=\"attachment-thumbnail size-thumbnail\" alt=\"\" \/><\/a>\n\t\t\t<\/dt><\/dl><dl class='gallery-item'>\n\t\t\t<dt class='gallery-icon landscape'>\n\t\t\t\t<a title=\"Akademia z okazji Dnia Edukacji Narodowej\" href='https:\/\/www.sosw.elblag.com.pl\/wp-content\/uploads\/2015\/10\/Akademia-z-okazji-Dnia-Edukacji-Narodowej11.jpg'><img loading=\"lazy\" decoding=\"async\" width=\"200\" height=\"200\" src=\"https:\/\/www.sosw.elblag.com.pl\/wp-content\/uploads\/2015\/10\/Akademia-z-okazji-Dnia-Edukacji-Narodowej11-200x200.jpg\" class=\"attachment-thumbnail size-thumbnail\" alt=\"\" \/><\/a>\n\t\t\t<\/dt><\/dl><dl class='gallery-item'>\n\t\t\t<dt class='gallery-icon landscape'>\n\t\t\t\t<a title=\"Akademia z okazji Dnia Edukacji Narodowej\" href='https:\/\/www.sosw.elblag.com.pl\/wp-content\/uploads\/2015\/10\/Akademia-z-okazji-Dnia-Edukacji-Narodowej12.jpg'><img loading=\"lazy\" decoding=\"async\" width=\"200\" height=\"200\" src=\"https:\/\/www.sosw.elblag.com.pl\/wp-content\/uploads\/2015\/10\/Akademia-z-okazji-Dnia-Edukacji-Narodowej12-200x200.jpg\" class=\"attachment-thumbnail size-thumbnail\" alt=\"\" \/><\/a>\n\t\t\t<\/dt><\/dl><br style=\"clear: both\" \/><dl class='gallery-item'>\n\t\t\t<dt class='gallery-icon landscape'>\n\t\t\t\t<a title=\"Akademia z okazji Dnia Edukacji Narodowej\" href='https:\/\/www.sosw.elblag.com.pl\/wp-content\/uploads\/2015\/10\/Akademia-z-okazji-Dnia-Edukacji-Narodowej13.jpg'><img loading=\"lazy\" decoding=\"async\" width=\"200\" height=\"200\" src=\"https:\/\/www.sosw.elblag.com.pl\/wp-content\/uploads\/2015\/10\/Akademia-z-okazji-Dnia-Edukacji-Narodowej13-200x200.jpg\" class=\"attachment-thumbnail size-thumbnail\" alt=\"\" \/><\/a>\n\t\t\t<\/dt><\/dl>\n\t\t\t<br style='clear: both' \/>\n\t\t<\/div>\n\n","protected":false},"excerpt":{"rendered":"<p>Dzie\u0144 Edukacji Narodowej to wa\u017cna chwila w \u017cyciu ka\u017cdej szko\u0142y oraz plac\u00f3wki edukacyjnej. To czas wyr\u00f3\u017cnie\u0144, wspomnie\u0144, retrospekcji. Dzisiejszy w naszym o\u015brodku <a class=\"more-link\" href=\"https:\/\/www.sosw.elblag.com.pl\/index.php\/2015\/10\/14\/akademia-z-okazji-dnia-edukacji-narodowej\/\">Czytaj dalej&#8230;<\/a><\/p>\n","protected":false},"author":1,"featured_media":1176,"comment_status":"closed","ping_status":"open","sticky":false,"template":"","format":"standard","meta":{"footnotes":""},"categories":[3],"tags":[],"class_list":["post-1175","post","type-post","status-publish","format-standard","has-post-thumbnail","hentry","category-z-zycia-osrodka"],"_links":{"self":[{"href":"https:\/\/www.sosw.elblag.com.pl\/index.php\/wp-json\/wp\/v2\/posts\/1175","targetHints":{"allow":["GET"]}}],"collection":[{"href":"https:\/\/www.sosw.elblag.com.pl\/index.php\/wp-json\/wp\/v2\/posts"}],"about":[{"href":"https:\/\/www.sosw.elblag.com.pl\/index.php\/wp-json\/wp\/v2\/types\/post"}],"author":[{"embeddable":true,"href":"https:\/\/www.sosw.elblag.com.pl\/index.php\/wp-json\/wp\/v2\/users\/1"}],"replies":[{"embeddable":true,"href":"https:\/\/www.sosw.elblag.com.pl\/index.php\/wp-json\/wp\/v2\/comments?post=1175"}],"version-history":[{"count":2,"href":"https:\/\/www.sosw.elblag.com.pl\/index.php\/wp-json\/wp\/v2\/posts\/1175\/revisions"}],"predecessor-version":[{"id":1301,"href":"https:\/\/www.sosw.elblag.com.pl\/index.php\/wp-json\/wp\/v2\/posts\/1175\/revisions\/1301"}],"wp:featuredmedia":[{"embeddable":true,"href":"https:\/\/www.sosw.elblag.com.pl\/index.php\/wp-json\/wp\/v2\/media\/1176"}],"wp:attachment":[{"href":"https:\/\/www.sosw.elblag.com.pl\/index.php\/wp-json\/wp\/v2\/media?parent=1175"}],"wp:term":[{"taxonomy":"category","embeddable":true,"href":"https:\/\/www.sosw.elblag.com.pl\/index.php\/wp-json\/wp\/v2\/categories?post=1175"},{"taxonomy":"post_tag","embeddable":true,"href":"https:\/\/www.sosw.elblag.com.pl\/index.php\/wp-json\/wp\/v2\/tags?post=1175"}],"curies":[{"name":"wp","href":"https:\/\/api.w.org\/{rel}","templated":true}]}}