{"id":1166,"date":"2015-10-13T21:31:03","date_gmt":"2015-10-13T19:31:03","guid":{"rendered":"http:\/\/www.sosw.elblag.com.pl\/?p=1166"},"modified":"2015-10-19T11:00:25","modified_gmt":"2015-10-19T09:00:25","slug":"wycieczka-do-kadyn-2","status":"publish","type":"post","link":"https:\/\/www.sosw.elblag.com.pl\/index.php\/2015\/10\/13\/wycieczka-do-kadyn-2\/","title":{"rendered":"Wycieczka do Kadyn"},"content":{"rendered":"<p style=\"text-align: justify;\">Dnia 13.10.2015 r. uczniowie zespo\u0142\u00f3w edukacyjno &#8211; terapeutycznych (III c, IV a, V a, VI b) uczestniczyli w wycieczce do Kadyn. Przed nami bowiem kolejny rok wsp\u00f3\u0142pracy z panem Zbigniewem Zagrodzkim, pracownikiem Krajobrazowego Parku Wysoczyzny Elbl\u0105skiej. Tym razem pan Zbyszek opowiada\u0142 uczniom o sposobach przygotowywania si\u0119 zwierz\u0105t le\u015bnych do zimy oraz roli le\u015bnika w ekosystemie le\u015bnym. Du\u017c\u0105 atrakcj\u0105 dla naszych podopiecznych by\u0142o r\u00f3wnie\u017c ognisko, kt\u00f3re przy niezbyt sprzyjaj\u0105cej aurze pozwoli\u0142o na rozgrzanie si\u0119, wypicie ciep\u0142ej herbaty, zjedzenie \u015bniadania, a tak\u017ce na zebranie si\u0142 do w\u0119dr\u00f3wki po Kadynach. Pan Zagrodzki oprowadzi\u0142 nas po tej urokliwej miejscowo\u015bci, opowiadaj\u0105c przy tym o jej historii, zabytkach i legendach.<\/p>\n<p>B. Karpi\u0144ska,<br \/>\nE. \u0141ukaszewska,<br \/>\nK. Pietrzy\u0144ska,<br \/>\nA. W\u00f3jtowicz<\/p>\n\n\t\t<style type=\"text\/css\">\n\t\t\t#gallery-1 {\n\t\t\t\tmargin: auto;\n\t\t\t}\n\t\t\t#gallery-1 .gallery-item {\n\t\t\t\tfloat: left;\n\t\t\t\tmargin-top: 10px;\n\t\t\t\ttext-align: center;\n\t\t\t\twidth: 50%;\n\t\t\t}\n\t\t\t#gallery-1 img {\n\t\t\t\tborder: 2px solid #cfcfcf;\n\t\t\t}\n\t\t\t#gallery-1 .gallery-caption {\n\t\t\t\tmargin-left: 0;\n\t\t\t}\n\t\t\t\/* see gallery_shortcode() in wp-includes\/media.php *\/\n\t\t<\/style>\n\t\t<div id='gallery-1' class='gallery galleryid-1166 gallery-columns-2 gallery-size-thumbnail'><dl class='gallery-item'>\n\t\t\t<dt class='gallery-icon landscape'>\n\t\t\t\t<a title=\"wycieczka do Kadyn\" href='https:\/\/www.sosw.elblag.com.pl\/wp-content\/uploads\/2015\/10\/wycieczka-do-Kadyn-1.jpg'><img loading=\"lazy\" decoding=\"async\" width=\"200\" height=\"200\" src=\"https:\/\/www.sosw.elblag.com.pl\/wp-content\/uploads\/2015\/10\/wycieczka-do-Kadyn-1-200x200.jpg\" class=\"attachment-thumbnail size-thumbnail\" alt=\"\" \/><\/a>\n\t\t\t<\/dt><\/dl><dl class='gallery-item'>\n\t\t\t<dt class='gallery-icon landscape'>\n\t\t\t\t<a title=\"wycieczka do Kadyn\" href='https:\/\/www.sosw.elblag.com.pl\/wp-content\/uploads\/2015\/10\/wycieczka-do-Kadyn-2.jpg'><img loading=\"lazy\" decoding=\"async\" width=\"200\" height=\"200\" src=\"https:\/\/www.sosw.elblag.com.pl\/wp-content\/uploads\/2015\/10\/wycieczka-do-Kadyn-2-200x200.jpg\" class=\"attachment-thumbnail size-thumbnail\" alt=\"\" \/><\/a>\n\t\t\t<\/dt><\/dl><br style=\"clear: both\" \/><dl class='gallery-item'>\n\t\t\t<dt class='gallery-icon landscape'>\n\t\t\t\t<a title=\"wycieczka do kadyn\" href='https:\/\/www.sosw.elblag.com.pl\/wp-content\/uploads\/2015\/10\/wycieczka-do-kadyn-3.jpg'><img loading=\"lazy\" decoding=\"async\" width=\"200\" height=\"200\" src=\"https:\/\/www.sosw.elblag.com.pl\/wp-content\/uploads\/2015\/10\/wycieczka-do-kadyn-3-200x200.jpg\" class=\"attachment-thumbnail size-thumbnail\" alt=\"\" \/><\/a>\n\t\t\t<\/dt><\/dl><dl class='gallery-item'>\n\t\t\t<dt class='gallery-icon landscape'>\n\t\t\t\t<a title=\"wycieczka do Kadyn\" href='https:\/\/www.sosw.elblag.com.pl\/wp-content\/uploads\/2015\/10\/wycieczka-do-Kadyn-4.jpg'><img loading=\"lazy\" decoding=\"async\" width=\"200\" height=\"200\" src=\"https:\/\/www.sosw.elblag.com.pl\/wp-content\/uploads\/2015\/10\/wycieczka-do-Kadyn-4-200x200.jpg\" class=\"attachment-thumbnail size-thumbnail\" alt=\"\" \/><\/a>\n\t\t\t<\/dt><\/dl><br style=\"clear: both\" \/>\n\t\t<\/div>\n\n","protected":false},"excerpt":{"rendered":"<p>Dnia 13.10.2015 r. uczniowie zespo\u0142\u00f3w edukacyjno &#8211; terapeutycznych (III c, IV a, V a, VI b) uczestniczyli w wycieczce do Kadyn. Przed <a class=\"more-link\" href=\"https:\/\/www.sosw.elblag.com.pl\/index.php\/2015\/10\/13\/wycieczka-do-kadyn-2\/\">Czytaj dalej&#8230;<\/a><\/p>\n","protected":false},"author":1,"featured_media":1169,"comment_status":"closed","ping_status":"open","sticky":false,"template":"","format":"standard","meta":{"footnotes":""},"categories":[3],"tags":[],"class_list":["post-1166","post","type-post","status-publish","format-standard","has-post-thumbnail","hentry","category-z-zycia-osrodka"],"_links":{"self":[{"href":"https:\/\/www.sosw.elblag.com.pl\/index.php\/wp-json\/wp\/v2\/posts\/1166","targetHints":{"allow":["GET"]}}],"collection":[{"href":"https:\/\/www.sosw.elblag.com.pl\/index.php\/wp-json\/wp\/v2\/posts"}],"about":[{"href":"https:\/\/www.sosw.elblag.com.pl\/index.php\/wp-json\/wp\/v2\/types\/post"}],"author":[{"embeddable":true,"href":"https:\/\/www.sosw.elblag.com.pl\/index.php\/wp-json\/wp\/v2\/users\/1"}],"replies":[{"embeddable":true,"href":"https:\/\/www.sosw.elblag.com.pl\/index.php\/wp-json\/wp\/v2\/comments?post=1166"}],"version-history":[{"count":4,"href":"https:\/\/www.sosw.elblag.com.pl\/index.php\/wp-json\/wp\/v2\/posts\/1166\/revisions"}],"predecessor-version":[{"id":1302,"href":"https:\/\/www.sosw.elblag.com.pl\/index.php\/wp-json\/wp\/v2\/posts\/1166\/revisions\/1302"}],"wp:featuredmedia":[{"embeddable":true,"href":"https:\/\/www.sosw.elblag.com.pl\/index.php\/wp-json\/wp\/v2\/media\/1169"}],"wp:attachment":[{"href":"https:\/\/www.sosw.elblag.com.pl\/index.php\/wp-json\/wp\/v2\/media?parent=1166"}],"wp:term":[{"taxonomy":"category","embeddable":true,"href":"https:\/\/www.sosw.elblag.com.pl\/index.php\/wp-json\/wp\/v2\/categories?post=1166"},{"taxonomy":"post_tag","embeddable":true,"href":"https:\/\/www.sosw.elblag.com.pl\/index.php\/wp-json\/wp\/v2\/tags?post=1166"}],"curies":[{"name":"wp","href":"https:\/\/api.w.org\/{rel}","templated":true}]}}