{"id":1155,"date":"2015-10-13T17:47:23","date_gmt":"2015-10-13T15:47:23","guid":{"rendered":"http:\/\/www.sosw.elblag.com.pl\/?p=1155"},"modified":"2015-10-13T18:53:47","modified_gmt":"2015-10-13T16:53:47","slug":"uroczystosci-z-okazji-dnia-edukacji-narodowej","status":"publish","type":"post","link":"https:\/\/www.sosw.elblag.com.pl\/index.php\/2015\/10\/13\/uroczystosci-z-okazji-dnia-edukacji-narodowej\/","title":{"rendered":"Uroczysto\u015bci z okazji Dnia Edukacji Narodowej"},"content":{"rendered":"<p style=\"text-align: justify;\">W auli Zespo\u0142u Pa\u0144stwowych Szk\u00f3\u0142 Muzycznych odby\u0142y si\u0119 dzisiaj uroczysto\u015bci z okazji Dnia Edukacji Narodowej. W\u015br\u00f3d nagrodzonych i wyr\u00f3\u017cnionych nauczyciele SOSW Nr 1: Pani Gra\u017cyna Tumanowska &#8211; medal KEN, Pani Marta Patyk &#8211; \u017bytkowska &#8211; nagroda Prezydenta Elbl\u0105ga i Pani Danuta Kaszczuk &#8211; Nagroda Ministra Edukacji Narodowej.<\/p>\n<p style=\"text-align: justify;\">Dyrektor Leszek Iwa\u0144czuk<\/p>\n\n\t\t<style type=\"text\/css\">\n\t\t\t#gallery-1 {\n\t\t\t\tmargin: auto;\n\t\t\t}\n\t\t\t#gallery-1 .gallery-item {\n\t\t\t\tfloat: left;\n\t\t\t\tmargin-top: 10px;\n\t\t\t\ttext-align: center;\n\t\t\t\twidth: 50%;\n\t\t\t}\n\t\t\t#gallery-1 img {\n\t\t\t\tborder: 2px solid #cfcfcf;\n\t\t\t}\n\t\t\t#gallery-1 .gallery-caption {\n\t\t\t\tmargin-left: 0;\n\t\t\t}\n\t\t\t\/* see gallery_shortcode() in wp-includes\/media.php *\/\n\t\t<\/style>\n\t\t<div id='gallery-1' class='gallery galleryid-1155 gallery-columns-2 gallery-size-thumbnail'><dl class='gallery-item'>\n\t\t\t<dt class='gallery-icon landscape'>\n\t\t\t\t<a title=\"Uroczysto\u015bci z okazji Dnia Edukacji Narodowej\" href='https:\/\/www.sosw.elblag.com.pl\/index.php\/2015\/10\/13\/uroczystosci-z-okazji-dnia-edukacji-narodowej\/uroczystosci-z-okazji-dnia-edukacji-narodowej5\/'><img loading=\"lazy\" decoding=\"async\" width=\"200\" height=\"200\" src=\"https:\/\/www.sosw.elblag.com.pl\/wp-content\/uploads\/2015\/10\/Uroczysto\u015bci-z-okazji-Dnia-Edukacji-Narodowej5-200x200.jpg\" class=\"attachment-thumbnail size-thumbnail\" alt=\"\" \/><\/a>\n\t\t\t<\/dt><\/dl><dl class='gallery-item'>\n\t\t\t<dt class='gallery-icon landscape'>\n\t\t\t\t<a title=\"Uroczysto\u015bci z okazji Dnia Edukacji Narodowej\" href='https:\/\/www.sosw.elblag.com.pl\/index.php\/2015\/10\/13\/uroczystosci-z-okazji-dnia-edukacji-narodowej\/uroczystosci-z-okazji-dnia-edukacji-narodowej6\/'><img loading=\"lazy\" decoding=\"async\" width=\"200\" height=\"200\" src=\"https:\/\/www.sosw.elblag.com.pl\/wp-content\/uploads\/2015\/10\/Uroczysto\u015bci-z-okazji-Dnia-Edukacji-Narodowej6-200x200.jpg\" class=\"attachment-thumbnail size-thumbnail\" alt=\"\" \/><\/a>\n\t\t\t<\/dt><\/dl><br style=\"clear: both\" \/><dl class='gallery-item'>\n\t\t\t<dt class='gallery-icon landscape'>\n\t\t\t\t<a title=\"Uroczysto\u015bci z okazji Dnia Edukacji Narodowej\" href='https:\/\/www.sosw.elblag.com.pl\/index.php\/2015\/10\/13\/uroczystosci-z-okazji-dnia-edukacji-narodowej\/uroczystosci-z-okazji-dnia-edukacji-narodowej7\/'><img loading=\"lazy\" decoding=\"async\" width=\"200\" height=\"200\" src=\"https:\/\/www.sosw.elblag.com.pl\/wp-content\/uploads\/2015\/10\/Uroczysto\u015bci-z-okazji-Dnia-Edukacji-Narodowej7-200x200.jpg\" class=\"attachment-thumbnail size-thumbnail\" alt=\"\" \/><\/a>\n\t\t\t<\/dt><\/dl><dl class='gallery-item'>\n\t\t\t<dt class='gallery-icon landscape'>\n\t\t\t\t<a title=\"Uroczysto\u015bci z okazji Dnia Edukacji Narodowej\" href='https:\/\/www.sosw.elblag.com.pl\/index.php\/2015\/10\/13\/uroczystosci-z-okazji-dnia-edukacji-narodowej\/uroczystosci-z-okazji-dnia-edukacji-narodowej8\/'><img loading=\"lazy\" decoding=\"async\" width=\"200\" height=\"200\" src=\"https:\/\/www.sosw.elblag.com.pl\/wp-content\/uploads\/2015\/10\/Uroczysto\u015bci-z-okazji-Dnia-Edukacji-Narodowej8-200x200.jpg\" class=\"attachment-thumbnail size-thumbnail\" alt=\"\" \/><\/a>\n\t\t\t<\/dt><\/dl><br style=\"clear: both\" \/><dl class='gallery-item'>\n\t\t\t<dt class='gallery-icon landscape'>\n\t\t\t\t<a title=\"Uroczysto\u015bci z okazji Dnia Edukacji Narodowej\" href='https:\/\/www.sosw.elblag.com.pl\/index.php\/2015\/10\/13\/uroczystosci-z-okazji-dnia-edukacji-narodowej\/uroczystosci-z-okazji-dnia-edukacji-narodowej1\/'><img loading=\"lazy\" decoding=\"async\" width=\"200\" height=\"200\" src=\"https:\/\/www.sosw.elblag.com.pl\/wp-content\/uploads\/2015\/10\/Uroczysto\u015bci-z-okazji-Dnia-Edukacji-Narodowej1-200x200.jpg\" class=\"attachment-thumbnail size-thumbnail\" alt=\"\" \/><\/a>\n\t\t\t<\/dt><\/dl><dl class='gallery-item'>\n\t\t\t<dt class='gallery-icon landscape'>\n\t\t\t\t<a title=\"Uroczysto\u015bci z okazji Dnia Edukacji Narodowej\" href='https:\/\/www.sosw.elblag.com.pl\/index.php\/2015\/10\/13\/uroczystosci-z-okazji-dnia-edukacji-narodowej\/uroczystosci-z-okazji-dnia-edukacji-narodowej2\/'><img loading=\"lazy\" decoding=\"async\" width=\"200\" height=\"200\" src=\"https:\/\/www.sosw.elblag.com.pl\/wp-content\/uploads\/2015\/10\/Uroczysto\u015bci-z-okazji-Dnia-Edukacji-Narodowej2-200x200.jpg\" class=\"attachment-thumbnail size-thumbnail\" alt=\"\" \/><\/a>\n\t\t\t<\/dt><\/dl><br style=\"clear: both\" \/><dl class='gallery-item'>\n\t\t\t<dt class='gallery-icon landscape'>\n\t\t\t\t<a title=\"Uroczysto\u015bci z okazji Dnia Edukacji Narodowej\" href='https:\/\/www.sosw.elblag.com.pl\/index.php\/2015\/10\/13\/uroczystosci-z-okazji-dnia-edukacji-narodowej\/uroczystosci-z-okazji-dnia-edukacji-narodowej3\/'><img loading=\"lazy\" decoding=\"async\" width=\"200\" height=\"200\" src=\"https:\/\/www.sosw.elblag.com.pl\/wp-content\/uploads\/2015\/10\/Uroczysto\u015bci-z-okazji-Dnia-Edukacji-Narodowej3-200x200.jpg\" class=\"attachment-thumbnail size-thumbnail\" alt=\"\" \/><\/a>\n\t\t\t<\/dt><\/dl><dl class='gallery-item'>\n\t\t\t<dt class='gallery-icon landscape'>\n\t\t\t\t<a title=\"Uroczysto\u015bci z okazji Dnia Edukacji Narodowej\" href='https:\/\/www.sosw.elblag.com.pl\/index.php\/2015\/10\/13\/uroczystosci-z-okazji-dnia-edukacji-narodowej\/uroczystosci-z-okazji-dnia-edukacji-narodowej4\/'><img loading=\"lazy\" decoding=\"async\" width=\"200\" height=\"200\" src=\"https:\/\/www.sosw.elblag.com.pl\/wp-content\/uploads\/2015\/10\/Uroczysto\u015bci-z-okazji-Dnia-Edukacji-Narodowej4-200x200.jpg\" class=\"attachment-thumbnail size-thumbnail\" alt=\"\" \/><\/a>\n\t\t\t<\/dt><\/dl><br style=\"clear: both\" \/>\n\t\t<\/div>\n\n","protected":false},"excerpt":{"rendered":"<p>W auli Zespo\u0142u Pa\u0144stwowych Szk\u00f3\u0142 Muzycznych odby\u0142y si\u0119 dzisiaj uroczysto\u015bci z okazji Dnia Edukacji Narodowej. W\u015br\u00f3d nagrodzonych i wyr\u00f3\u017cnionych nauczyciele SOSW Nr <a class=\"more-link\" href=\"https:\/\/www.sosw.elblag.com.pl\/index.php\/2015\/10\/13\/uroczystosci-z-okazji-dnia-edukacji-narodowej\/\">Czytaj dalej&#8230;<\/a><\/p>\n","protected":false},"author":1,"featured_media":1163,"comment_status":"closed","ping_status":"open","sticky":false,"template":"","format":"standard","meta":{"footnotes":""},"categories":[3],"tags":[],"class_list":["post-1155","post","type-post","status-publish","format-standard","has-post-thumbnail","hentry","category-z-zycia-osrodka"],"_links":{"self":[{"href":"https:\/\/www.sosw.elblag.com.pl\/index.php\/wp-json\/wp\/v2\/posts\/1155","targetHints":{"allow":["GET"]}}],"collection":[{"href":"https:\/\/www.sosw.elblag.com.pl\/index.php\/wp-json\/wp\/v2\/posts"}],"about":[{"href":"https:\/\/www.sosw.elblag.com.pl\/index.php\/wp-json\/wp\/v2\/types\/post"}],"author":[{"embeddable":true,"href":"https:\/\/www.sosw.elblag.com.pl\/index.php\/wp-json\/wp\/v2\/users\/1"}],"replies":[{"embeddable":true,"href":"https:\/\/www.sosw.elblag.com.pl\/index.php\/wp-json\/wp\/v2\/comments?post=1155"}],"version-history":[{"count":2,"href":"https:\/\/www.sosw.elblag.com.pl\/index.php\/wp-json\/wp\/v2\/posts\/1155\/revisions"}],"predecessor-version":[{"id":1165,"href":"https:\/\/www.sosw.elblag.com.pl\/index.php\/wp-json\/wp\/v2\/posts\/1155\/revisions\/1165"}],"wp:featuredmedia":[{"embeddable":true,"href":"https:\/\/www.sosw.elblag.com.pl\/index.php\/wp-json\/wp\/v2\/media\/1163"}],"wp:attachment":[{"href":"https:\/\/www.sosw.elblag.com.pl\/index.php\/wp-json\/wp\/v2\/media?parent=1155"}],"wp:term":[{"taxonomy":"category","embeddable":true,"href":"https:\/\/www.sosw.elblag.com.pl\/index.php\/wp-json\/wp\/v2\/categories?post=1155"},{"taxonomy":"post_tag","embeddable":true,"href":"https:\/\/www.sosw.elblag.com.pl\/index.php\/wp-json\/wp\/v2\/tags?post=1155"}],"curies":[{"name":"wp","href":"https:\/\/api.w.org\/{rel}","templated":true}]}}