{"id":1145,"date":"2015-10-12T21:55:24","date_gmt":"2015-10-12T19:55:24","guid":{"rendered":"http:\/\/www.sosw.elblag.com.pl\/?p=1145"},"modified":"2015-10-12T21:55:24","modified_gmt":"2015-10-12T19:55:24","slug":"kto-pracuje-i-uczy-sie-w-naszej-szkole-spotkanie-integracyjne","status":"publish","type":"post","link":"https:\/\/www.sosw.elblag.com.pl\/index.php\/2015\/10\/12\/kto-pracuje-i-uczy-sie-w-naszej-szkole-spotkanie-integracyjne\/","title":{"rendered":"Kto pracuje i uczy si\u0119 w naszej szkole? &#8211; spotkanie integracyjne"},"content":{"rendered":"<p style=\"text-align: justify;\">W dniu dzisiejszym odby\u0142o si\u0119 spotkanie integracyjne uczni\u00f3w zespo\u0142\u00f3w edukacyjno &#8211; terapeutycznych z pracownikami naszego O\u015brodka: ,,Kto pracuje i uczy si\u0119 w naszej szkole?\u201d. W\u015br\u00f3d zaproszonych go\u015bci byli: dyrektorzy O\u015brodka, kierownik \u015bwietlicy, kierownik grup wychowawczych, a tak\u017ce przedstawiciele administracji i obs\u0142ugi. Niestety, niekt\u00f3rych go\u015bci wezwa\u0142y pilne obowi\u0105zki s\u0142u\u017cbowe i nie mogli uczestniczy\u0107 we wsp\u00f3lnej zabawie. Zar\u00f3wno uczniowie, jak i zaproszeni go\u015bcie bezb\u0142<span class=\"text_exposed_show\">\u0119dnie udzielali odpowiedzi na zadawane pytania, dotycz\u0105ce naszej plac\u00f3wki i os\u00f3b z ni\u0105 zwi\u0105zanych. W podzi\u0119kowaniu za wielkie serce, zaanga\u017cowanie i trud codziennej pracy, uczniowie obdarowali go\u015bci w\u0142asnor\u0119cznie wykonanymi kwiatami. Na wszystkich za\u015b czeka\u0142 s\u0142odki pocz\u0119stunek, kt\u00f3ry w tak mi\u0142ym dniu i tak sympatycznym gronie smakowa\u0142 wy\u015bmienicie.<br \/>\n<\/span><\/p>\n<p><span class=\"text_exposed_show\">Organizatorzy:<br \/>\nEwa .\u0141ukaszewska <\/span><br \/>\n<span class=\"text_exposed_show\">Beata Maj<\/span><br \/>\n<span class=\"text_exposed_show\">Katarzyna Pietrzy\u0144ska <\/span><br \/>\n<span class=\"text_exposed_show\">Anna W\u00f3jtowicz<\/span><\/p>\n\n\t\t<style type=\"text\/css\">\n\t\t\t#gallery-1 {\n\t\t\t\tmargin: auto;\n\t\t\t}\n\t\t\t#gallery-1 .gallery-item {\n\t\t\t\tfloat: left;\n\t\t\t\tmargin-top: 10px;\n\t\t\t\ttext-align: center;\n\t\t\t\twidth: 50%;\n\t\t\t}\n\t\t\t#gallery-1 img {\n\t\t\t\tborder: 2px solid #cfcfcf;\n\t\t\t}\n\t\t\t#gallery-1 .gallery-caption {\n\t\t\t\tmargin-left: 0;\n\t\t\t}\n\t\t\t\/* see gallery_shortcode() in wp-includes\/media.php *\/\n\t\t<\/style>\n\t\t<div id='gallery-1' class='gallery galleryid-1145 gallery-columns-2 gallery-size-thumbnail'><dl class='gallery-item'>\n\t\t\t<dt class='gallery-icon landscape'>\n\t\t\t\t<a title=\"Kto pracuje i uczy si\u0119 w naszej szkole - spotkanie integracyjne5\" href='https:\/\/www.sosw.elblag.com.pl\/index.php\/2015\/10\/12\/kto-pracuje-i-uczy-sie-w-naszej-szkole-spotkanie-integracyjne\/kto-pracuje-i-uczy-sie-w-naszej-szkole-spotkanie-integracyjne5\/'><img loading=\"lazy\" decoding=\"async\" width=\"200\" height=\"200\" src=\"https:\/\/www.sosw.elblag.com.pl\/wp-content\/uploads\/2015\/10\/Kto-pracuje-i-uczy-si\u0119-w-naszej-szkole-spotkanie-integracyjne5-200x200.jpg\" class=\"attachment-thumbnail size-thumbnail\" alt=\"\" \/><\/a>\n\t\t\t<\/dt><\/dl><dl class='gallery-item'>\n\t\t\t<dt class='gallery-icon landscape'>\n\t\t\t\t<a title=\"Kto pracuje i uczy si\u0119 w naszej szkole - spotkanie integracyjne1\" href='https:\/\/www.sosw.elblag.com.pl\/index.php\/2015\/10\/12\/kto-pracuje-i-uczy-sie-w-naszej-szkole-spotkanie-integracyjne\/kto-pracuje-i-uczy-sie-w-naszej-szkole-spotkanie-integracyjne1\/'><img loading=\"lazy\" decoding=\"async\" width=\"200\" height=\"200\" src=\"https:\/\/www.sosw.elblag.com.pl\/wp-content\/uploads\/2015\/10\/Kto-pracuje-i-uczy-si\u0119-w-naszej-szkole-spotkanie-integracyjne1-200x200.jpg\" class=\"attachment-thumbnail size-thumbnail\" alt=\"\" \/><\/a>\n\t\t\t<\/dt><\/dl><br style=\"clear: both\" \/><dl class='gallery-item'>\n\t\t\t<dt class='gallery-icon landscape'>\n\t\t\t\t<a title=\"Kto pracuje i uczy si\u0119 w naszej szkole - spotkanie integracyjne2\" href='https:\/\/www.sosw.elblag.com.pl\/index.php\/2015\/10\/12\/kto-pracuje-i-uczy-sie-w-naszej-szkole-spotkanie-integracyjne\/kto-pracuje-i-uczy-sie-w-naszej-szkole-spotkanie-integracyjne2\/'><img loading=\"lazy\" decoding=\"async\" width=\"200\" height=\"200\" src=\"https:\/\/www.sosw.elblag.com.pl\/wp-content\/uploads\/2015\/10\/Kto-pracuje-i-uczy-si\u0119-w-naszej-szkole-spotkanie-integracyjne2-200x200.jpg\" class=\"attachment-thumbnail size-thumbnail\" alt=\"\" \/><\/a>\n\t\t\t<\/dt><\/dl><dl class='gallery-item'>\n\t\t\t<dt class='gallery-icon landscape'>\n\t\t\t\t<a title=\"Kto pracuje i uczy si\u0119 w naszej szkole - spotkanie integracyjne3\" href='https:\/\/www.sosw.elblag.com.pl\/index.php\/2015\/10\/12\/kto-pracuje-i-uczy-sie-w-naszej-szkole-spotkanie-integracyjne\/kto-pracuje-i-uczy-sie-w-naszej-szkole-spotkanie-integracyjne3\/'><img loading=\"lazy\" decoding=\"async\" width=\"200\" height=\"200\" src=\"https:\/\/www.sosw.elblag.com.pl\/wp-content\/uploads\/2015\/10\/Kto-pracuje-i-uczy-si\u0119-w-naszej-szkole-spotkanie-integracyjne3-200x200.jpg\" class=\"attachment-thumbnail size-thumbnail\" alt=\"\" \/><\/a>\n\t\t\t<\/dt><\/dl><br style=\"clear: both\" \/><dl class='gallery-item'>\n\t\t\t<dt class='gallery-icon landscape'>\n\t\t\t\t<a title=\"Kto pracuje i uczy si\u0119 w naszej szkole - spotkanie integracyjne4\" href='https:\/\/www.sosw.elblag.com.pl\/index.php\/2015\/10\/12\/kto-pracuje-i-uczy-sie-w-naszej-szkole-spotkanie-integracyjne\/kto-pracuje-i-uczy-sie-w-naszej-szkole-spotkanie-integracyjne4\/'><img loading=\"lazy\" decoding=\"async\" width=\"200\" height=\"200\" src=\"https:\/\/www.sosw.elblag.com.pl\/wp-content\/uploads\/2015\/10\/Kto-pracuje-i-uczy-si\u0119-w-naszej-szkole-spotkanie-integracyjne4-200x200.jpg\" class=\"attachment-thumbnail size-thumbnail\" alt=\"\" \/><\/a>\n\t\t\t<\/dt><\/dl>\n\t\t\t<br style='clear: both' \/>\n\t\t<\/div>\n\n","protected":false},"excerpt":{"rendered":"<p>W dniu dzisiejszym odby\u0142o si\u0119 spotkanie integracyjne uczni\u00f3w zespo\u0142\u00f3w edukacyjno &#8211; terapeutycznych z pracownikami naszego O\u015brodka: ,,Kto pracuje i uczy si\u0119 w <a class=\"more-link\" href=\"https:\/\/www.sosw.elblag.com.pl\/index.php\/2015\/10\/12\/kto-pracuje-i-uczy-sie-w-naszej-szkole-spotkanie-integracyjne\/\">Czytaj dalej&#8230;<\/a><\/p>\n","protected":false},"author":1,"featured_media":1149,"comment_status":"closed","ping_status":"open","sticky":false,"template":"","format":"standard","meta":{"footnotes":""},"categories":[3],"tags":[],"class_list":["post-1145","post","type-post","status-publish","format-standard","has-post-thumbnail","hentry","category-z-zycia-osrodka"],"_links":{"self":[{"href":"https:\/\/www.sosw.elblag.com.pl\/index.php\/wp-json\/wp\/v2\/posts\/1145","targetHints":{"allow":["GET"]}}],"collection":[{"href":"https:\/\/www.sosw.elblag.com.pl\/index.php\/wp-json\/wp\/v2\/posts"}],"about":[{"href":"https:\/\/www.sosw.elblag.com.pl\/index.php\/wp-json\/wp\/v2\/types\/post"}],"author":[{"embeddable":true,"href":"https:\/\/www.sosw.elblag.com.pl\/index.php\/wp-json\/wp\/v2\/users\/1"}],"replies":[{"embeddable":true,"href":"https:\/\/www.sosw.elblag.com.pl\/index.php\/wp-json\/wp\/v2\/comments?post=1145"}],"version-history":[{"count":1,"href":"https:\/\/www.sosw.elblag.com.pl\/index.php\/wp-json\/wp\/v2\/posts\/1145\/revisions"}],"predecessor-version":[{"id":1151,"href":"https:\/\/www.sosw.elblag.com.pl\/index.php\/wp-json\/wp\/v2\/posts\/1145\/revisions\/1151"}],"wp:featuredmedia":[{"embeddable":true,"href":"https:\/\/www.sosw.elblag.com.pl\/index.php\/wp-json\/wp\/v2\/media\/1149"}],"wp:attachment":[{"href":"https:\/\/www.sosw.elblag.com.pl\/index.php\/wp-json\/wp\/v2\/media?parent=1145"}],"wp:term":[{"taxonomy":"category","embeddable":true,"href":"https:\/\/www.sosw.elblag.com.pl\/index.php\/wp-json\/wp\/v2\/categories?post=1145"},{"taxonomy":"post_tag","embeddable":true,"href":"https:\/\/www.sosw.elblag.com.pl\/index.php\/wp-json\/wp\/v2\/tags?post=1145"}],"curies":[{"name":"wp","href":"https:\/\/api.w.org\/{rel}","templated":true}]}}