{"id":1137,"date":"2015-10-12T14:43:30","date_gmt":"2015-10-12T12:43:30","guid":{"rendered":"http:\/\/www.sosw.elblag.com.pl\/?p=1137"},"modified":"2015-10-12T15:10:51","modified_gmt":"2015-10-12T13:10:51","slug":"list-rzecznika-praw-dziecka-z-okazji-dnia-edukacji-narodowej-2015","status":"publish","type":"post","link":"https:\/\/www.sosw.elblag.com.pl\/index.php\/2015\/10\/12\/list-rzecznika-praw-dziecka-z-okazji-dnia-edukacji-narodowej-2015\/","title":{"rendered":"List Rzecznika Praw Dziecka z okazji Dnia Edukacji Narodowej 2015"},"content":{"rendered":"<p>Warszawa, 8 pa\u017adziernika 2015<\/p>\n<p class=\"rteright\"><strong>Nauczyciele, Wychowawcy<br \/>\ni Pracownicy O\u015bwiaty<\/strong><\/p>\n<p><strong>Wielce Szanowni Pa\u0144stwo,<\/strong><\/p>\n<p class=\"rtejustify\" style=\"text-align: justify;\">w Dniu Edukacji Narodowej serdecznie dzi\u0119kuj\u0119 nauczycielom, pedagogom oraz wszystkim pracownikom o\u015bwiaty za trud, jaki Pa\u0144stwo wk\u0142adacie w kszta\u0142cenie i\u00a0wychowanie dzieci. Pa\u0144stwa praca to przede wszystkim misja i powo\u0142anie. Ka\u017cdego dnia jest pe\u0142na wyzwa\u0144 wobec kszta\u0142towania charakter\u00f3w i prawid\u0142owych postaw m\u0142odych ludzi. Przekazuj\u0105 Pa\u0144stwo wiedz\u0119, ale przede wszystkim s\u0142u\u017c\u0105 i dziel\u0105 si\u0119 swoim do\u015bwiadczeniem \u017cyciowym. To ogromna odpowiedzialno\u015b\u0107, zw\u0142aszcza dzi\u015b, kiedy cz\u0119sto relacje mi\u0119dzyludzkie wypierane s\u0105 przez nowe technologie, a bezpo\u015bredni kontakt cz\u0142owieka z drugim cz\u0142owiekiem schodzi na dalszy plan.<\/p>\n<p class=\"rtejustify\" style=\"text-align: justify;\">Szko\u0142a jest miejscem, w kt\u00f3rym m\u0142odzi ludzie nie tylko zdobywaj\u0105 potrzebne wykszta\u0142cenie, ale tak\u017ce kszta\u0142tuj\u0105 swoj\u0105 osobowo\u015b\u0107, realizuj\u0105 pasje i rozwijaj\u0105 talenty. Dlatego nie do przecenienia jest rola nauczyciela, kt\u00f3ry b\u0119d\u0105c przewodnikiem po otaczaj\u0105cej rzeczywisto\u015bci, przygotowuje swoich podopiecznych do dojrza\u0142ego \u017cycia. To dzi\u0119ki Pa\u0144stwu m\u0142odzi ludzie ucz\u0105 si\u0119 wra\u017cliwo\u015bci, rzetelno\u015bci, uczciwo\u015bci, tolerancji \u2013 warto\u015bci tak wa\u017cnych w relacjach mi\u0119dzyludzkich, kt\u00f3re powinny by\u0107 oparte na szacunku i zaufaniu. Jest to najlepsza droga do budowania spo\u0142ecze\u0144stwa obywatelskiego, b\u0119d\u0105cego istotnym impulsem dla rozwoju naszego kraju.<\/p>\n<p class=\"rtejustify\" style=\"text-align: justify;\">Dzi\u0119kuj\u0119 wszystkim nauczycielom, wychowawcom i pedagogom, kt\u00f3rzy z ogromnym sercem i oddaniem wype\u0142niaj\u0105 swoj\u0105 edukacyjn\u0105 misj\u0119, nie tylko odnosz\u0105c znakomite wyniki pedagogiczno-wychowawcze, ale przede wszystkim b\u0119d\u0105c przyjaci\u00f3\u0142mi uczni\u00f3w. Dzi\u0119kuj\u0119 Pa\u0144stwu za to, \u017ce mimo pojawiaj\u0105cych si\u0119 czasami trudno\u015bci czy chwil zw\u0105tpienia nie brakuje Wam si\u0142y i determinacji do nieustaj\u0105cej tw\u00f3rczej pracy z polskimi dzie\u0107mi i m\u0142odzie\u017c\u0105.<\/p>\n<p class=\"rtejustify\" style=\"text-align: justify;\">Z okazji dzisiejszego \u015bwi\u0119ta \u017cycz\u0119 wielu sukces\u00f3w zawodowych, poczucia satysfakcji z wykonywanej pracy oraz rado\u015bci p\u0142yn\u0105cej z kontakt\u00f3w z m\u0142odymi lud\u017ami. \u017bycz\u0119, by trud, kt\u00f3ry wk\u0142adacie w kszta\u0142cenie uczni\u00f3w, by\u0142 doceniany, a Pa\u0144stwa zaw\u00f3d cieszy\u0142 si\u0119 spo\u0142ecznym uznaniem i\u00a0szacunkiem, na kt\u00f3re bezwzgl\u0119dnie zas\u0142uguje.<\/p>\n<p class=\"rtejustify\" style=\"text-align: justify;\"><em>Dobry wychowawca, kt\u00f3ry nie wt\u0142acza a wyzwala, nie ci\u0105gnie a wznosi, nie ugniata a\u00a0kszta\u0142tuje, nie dyktuje a uczy, nie \u017c\u0105da a zapytuje \u2013 prze\u017cyje wraz z dzie\u0107mi wiele natchnionych chwil\u2026<\/em>\u00a0\u2013 niech ta my\u015bl Janusza Korczaka towarzyszy Pa\u0144stwu ka\u017cdego dnia.<\/p>\n<p class=\"rteright\">Z wyrazami najwi\u0119kszego szacunku<\/p>\n<p class=\"rteright\">Marek Michalaka<\/p>\n<p class=\"rteright\">Rzecznik Praw Dziecka<\/p>\n","protected":false},"excerpt":{"rendered":"<p>Warszawa, 8 pa\u017adziernika 2015 Nauczyciele, Wychowawcy i Pracownicy O\u015bwiaty Wielce Szanowni Pa\u0144stwo, w Dniu Edukacji Narodowej serdecznie dzi\u0119kuj\u0119 nauczycielom, pedagogom oraz wszystkim <a class=\"more-link\" href=\"https:\/\/www.sosw.elblag.com.pl\/index.php\/2015\/10\/12\/list-rzecznika-praw-dziecka-z-okazji-dnia-edukacji-narodowej-2015\/\">Czytaj dalej&#8230;<\/a><\/p>\n","protected":false},"author":1,"featured_media":0,"comment_status":"closed","ping_status":"open","sticky":false,"template":"","format":"standard","meta":{"footnotes":""},"categories":[3],"tags":[],"class_list":["post-1137","post","type-post","status-publish","format-standard","hentry","category-z-zycia-osrodka"],"_links":{"self":[{"href":"https:\/\/www.sosw.elblag.com.pl\/index.php\/wp-json\/wp\/v2\/posts\/1137","targetHints":{"allow":["GET"]}}],"collection":[{"href":"https:\/\/www.sosw.elblag.com.pl\/index.php\/wp-json\/wp\/v2\/posts"}],"about":[{"href":"https:\/\/www.sosw.elblag.com.pl\/index.php\/wp-json\/wp\/v2\/types\/post"}],"author":[{"embeddable":true,"href":"https:\/\/www.sosw.elblag.com.pl\/index.php\/wp-json\/wp\/v2\/users\/1"}],"replies":[{"embeddable":true,"href":"https:\/\/www.sosw.elblag.com.pl\/index.php\/wp-json\/wp\/v2\/comments?post=1137"}],"version-history":[{"count":5,"href":"https:\/\/www.sosw.elblag.com.pl\/index.php\/wp-json\/wp\/v2\/posts\/1137\/revisions"}],"predecessor-version":[{"id":1144,"href":"https:\/\/www.sosw.elblag.com.pl\/index.php\/wp-json\/wp\/v2\/posts\/1137\/revisions\/1144"}],"wp:attachment":[{"href":"https:\/\/www.sosw.elblag.com.pl\/index.php\/wp-json\/wp\/v2\/media?parent=1137"}],"wp:term":[{"taxonomy":"category","embeddable":true,"href":"https:\/\/www.sosw.elblag.com.pl\/index.php\/wp-json\/wp\/v2\/categories?post=1137"},{"taxonomy":"post_tag","embeddable":true,"href":"https:\/\/www.sosw.elblag.com.pl\/index.php\/wp-json\/wp\/v2\/tags?post=1137"}],"curies":[{"name":"wp","href":"https:\/\/api.w.org\/{rel}","templated":true}]}}