{"id":1034,"date":"2015-10-07T20:22:32","date_gmt":"2015-10-07T18:22:32","guid":{"rendered":"http:\/\/www.sosw.elblag.com.pl\/?p=1034"},"modified":"2015-10-11T00:01:22","modified_gmt":"2015-10-10T22:01:22","slug":"wybory-do-samorzadu-szkolnego","status":"publish","type":"post","link":"https:\/\/www.sosw.elblag.com.pl\/index.php\/2015\/10\/07\/wybory-do-samorzadu-szkolnego\/","title":{"rendered":"Wybory do samorz\u0105du szkolnego"},"content":{"rendered":"<p style=\"text-align: justify;\">Dzisiaj wa\u017cny dzie\u0144 dla ca\u0142ej naszej wsp\u00f3lnoty &#8211; wybory do samorz\u0105du szkolnego. Istot\u0105 ka\u017cdych wybor\u00f3w s\u0105: frekwencja oraz odpowiedzialne decyzje. Ja ju\u017c odda\u0142em sw\u00f3j g\u0142os.<\/p>\n<p style=\"text-align: justify;\">Dyrektor Leszek Iwa\u0144czuk<\/p>\n\n\t\t<style type=\"text\/css\">\n\t\t\t#gallery-1 {\n\t\t\t\tmargin: auto;\n\t\t\t}\n\t\t\t#gallery-1 .gallery-item {\n\t\t\t\tfloat: left;\n\t\t\t\tmargin-top: 10px;\n\t\t\t\ttext-align: center;\n\t\t\t\twidth: 50%;\n\t\t\t}\n\t\t\t#gallery-1 img {\n\t\t\t\tborder: 2px solid #cfcfcf;\n\t\t\t}\n\t\t\t#gallery-1 .gallery-caption {\n\t\t\t\tmargin-left: 0;\n\t\t\t}\n\t\t\t\/* see gallery_shortcode() in wp-includes\/media.php *\/\n\t\t<\/style>\n\t\t<div id='gallery-1' class='gallery galleryid-1034 gallery-columns-2 gallery-size-thumbnail'><dl class='gallery-item'>\n\t\t\t<dt class='gallery-icon landscape'>\n\t\t\t\t<a title=\"wybory do samorz\u0105du szkolnego\" href='https:\/\/www.sosw.elblag.com.pl\/index.php\/2015\/10\/07\/wybory-do-samorzadu-szkolnego\/wybory-do-samorzadu-szkolnego1\/'><img loading=\"lazy\" decoding=\"async\" width=\"200\" height=\"200\" src=\"https:\/\/www.sosw.elblag.com.pl\/wp-content\/uploads\/2015\/10\/wybory-do-samorz\u0105du-szkolnego1-200x200.jpg\" class=\"attachment-thumbnail size-thumbnail\" alt=\"\" \/><\/a>\n\t\t\t<\/dt><\/dl><dl class='gallery-item'>\n\t\t\t<dt class='gallery-icon landscape'>\n\t\t\t\t<a title=\"wybory do samorz\u0105du szkolnego\" href='https:\/\/www.sosw.elblag.com.pl\/index.php\/2015\/10\/07\/wybory-do-samorzadu-szkolnego\/wybory-do-samorzadu-szkolnego2\/'><img loading=\"lazy\" decoding=\"async\" width=\"200\" height=\"200\" src=\"https:\/\/www.sosw.elblag.com.pl\/wp-content\/uploads\/2015\/10\/wybory-do-samorz\u0105du-szkolnego2-200x200.jpg\" class=\"attachment-thumbnail size-thumbnail\" alt=\"\" \/><\/a>\n\t\t\t<\/dt><\/dl><br style=\"clear: both\" \/><dl class='gallery-item'>\n\t\t\t<dt class='gallery-icon landscape'>\n\t\t\t\t<a title=\"wybory do samorz\u0105du szkolnego\" href='https:\/\/www.sosw.elblag.com.pl\/index.php\/2015\/10\/07\/wybory-do-samorzadu-szkolnego\/wybory-do-samorzadu-szkolnego3\/'><img loading=\"lazy\" decoding=\"async\" width=\"200\" height=\"200\" src=\"https:\/\/www.sosw.elblag.com.pl\/wp-content\/uploads\/2015\/10\/wybory-do-samorz\u0105du-szkolnego3-200x200.jpg\" class=\"attachment-thumbnail size-thumbnail\" alt=\"\" \/><\/a>\n\t\t\t<\/dt><\/dl><dl class='gallery-item'>\n\t\t\t<dt class='gallery-icon landscape'>\n\t\t\t\t<a title=\"wybory do samorz\u0105du szkolnego\" href='https:\/\/www.sosw.elblag.com.pl\/index.php\/2015\/10\/07\/wybory-do-samorzadu-szkolnego\/wybory-do-samorzadu-szkolnego4\/'><img loading=\"lazy\" decoding=\"async\" width=\"200\" height=\"200\" src=\"https:\/\/www.sosw.elblag.com.pl\/wp-content\/uploads\/2015\/10\/wybory-do-samorz\u0105du-szkolnego4-200x200.jpg\" class=\"attachment-thumbnail size-thumbnail\" alt=\"\" \/><\/a>\n\t\t\t<\/dt><\/dl><br style=\"clear: both\" \/><dl class='gallery-item'>\n\t\t\t<dt class='gallery-icon landscape'>\n\t\t\t\t<a title=\"wybory do samorz\u0105du szkolnego\" href='https:\/\/www.sosw.elblag.com.pl\/index.php\/2015\/10\/07\/wybory-do-samorzadu-szkolnego\/wybory-do-samorzadu-szkolnego5\/'><img loading=\"lazy\" decoding=\"async\" width=\"200\" height=\"200\" src=\"https:\/\/www.sosw.elblag.com.pl\/wp-content\/uploads\/2015\/10\/wybory-do-samorz\u0105du-szkolnego5-200x200.jpg\" class=\"attachment-thumbnail size-thumbnail\" alt=\"\" \/><\/a>\n\t\t\t<\/dt><\/dl><dl class='gallery-item'>\n\t\t\t<dt class='gallery-icon landscape'>\n\t\t\t\t<a title=\"wybory do samorz\u0105du szkolnego6\" href='https:\/\/www.sosw.elblag.com.pl\/index.php\/2015\/10\/07\/wybory-do-samorzadu-szkolnego\/wybory-do-samorzadu-szkolnego6\/'><img loading=\"lazy\" decoding=\"async\" width=\"200\" height=\"200\" src=\"https:\/\/www.sosw.elblag.com.pl\/wp-content\/uploads\/2015\/10\/wybory-do-samorz\u0105du-szkolnego6-200x200.jpg\" class=\"attachment-thumbnail size-thumbnail\" alt=\"\" \/><\/a>\n\t\t\t<\/dt><\/dl><br style=\"clear: both\" \/>\n\t\t<\/div>\n\n","protected":false},"excerpt":{"rendered":"<p>Dzisiaj wa\u017cny dzie\u0144 dla ca\u0142ej naszej wsp\u00f3lnoty &#8211; wybory do samorz\u0105du szkolnego. Istot\u0105 ka\u017cdych wybor\u00f3w s\u0105: frekwencja oraz odpowiedzialne decyzje. Ja ju\u017c <a class=\"more-link\" href=\"https:\/\/www.sosw.elblag.com.pl\/index.php\/2015\/10\/07\/wybory-do-samorzadu-szkolnego\/\">Czytaj dalej&#8230;<\/a><\/p>\n","protected":false},"author":1,"featured_media":1040,"comment_status":"closed","ping_status":"open","sticky":false,"template":"","format":"standard","meta":{"footnotes":""},"categories":[3],"tags":[],"class_list":["post-1034","post","type-post","status-publish","format-standard","has-post-thumbnail","hentry","category-z-zycia-osrodka"],"_links":{"self":[{"href":"https:\/\/www.sosw.elblag.com.pl\/index.php\/wp-json\/wp\/v2\/posts\/1034","targetHints":{"allow":["GET"]}}],"collection":[{"href":"https:\/\/www.sosw.elblag.com.pl\/index.php\/wp-json\/wp\/v2\/posts"}],"about":[{"href":"https:\/\/www.sosw.elblag.com.pl\/index.php\/wp-json\/wp\/v2\/types\/post"}],"author":[{"embeddable":true,"href":"https:\/\/www.sosw.elblag.com.pl\/index.php\/wp-json\/wp\/v2\/users\/1"}],"replies":[{"embeddable":true,"href":"https:\/\/www.sosw.elblag.com.pl\/index.php\/wp-json\/wp\/v2\/comments?post=1034"}],"version-history":[{"count":1,"href":"https:\/\/www.sosw.elblag.com.pl\/index.php\/wp-json\/wp\/v2\/posts\/1034\/revisions"}],"predecessor-version":[{"id":1041,"href":"https:\/\/www.sosw.elblag.com.pl\/index.php\/wp-json\/wp\/v2\/posts\/1034\/revisions\/1041"}],"wp:featuredmedia":[{"embeddable":true,"href":"https:\/\/www.sosw.elblag.com.pl\/index.php\/wp-json\/wp\/v2\/media\/1040"}],"wp:attachment":[{"href":"https:\/\/www.sosw.elblag.com.pl\/index.php\/wp-json\/wp\/v2\/media?parent=1034"}],"wp:term":[{"taxonomy":"category","embeddable":true,"href":"https:\/\/www.sosw.elblag.com.pl\/index.php\/wp-json\/wp\/v2\/categories?post=1034"},{"taxonomy":"post_tag","embeddable":true,"href":"https:\/\/www.sosw.elblag.com.pl\/index.php\/wp-json\/wp\/v2\/tags?post=1034"}],"curies":[{"name":"wp","href":"https:\/\/api.w.org\/{rel}","templated":true}]}}